{"id":205443,"date":"2024-02-15T17:42:53","date_gmt":"2024-02-15T23:42:53","guid":{"rendered":"https:\/\/www.enteratever.com\/2023\/?p=205443"},"modified":"2024-02-15T17:55:19","modified_gmt":"2024-02-15T23:55:19","slug":"jaime-humberto-perez-bernabe-va-como-candidato-a-diputado-federal-en-papantla","status":"publish","type":"post","link":"https:\/\/www.enteratever.com\/2023\/2024\/02\/15\/jaime-humberto-perez-bernabe-va-como-candidato-a-diputado-federal-en-papantla\/","title":{"rendered":"Jaime Humberto P\u00e9rez Bernabe va como candidato a Diputado Federal en Papantla"},"content":{"rendered":"<p>Visitas: 16<\/p>\n<p>Luego de que a\u00fan no sal\u00edan los resultados sobre las candidaturas de Morena a Diputaci\u00f3n Federal en el pa\u00eds, durante este d\u00eda jueves 15 de febrero el partido dio a conocer quienes de los que aspiraban hoy buscar\u00e1n nuevamente el voto del ciudadano.<\/p>\n\n\n\n<p>En el sexto distrito de Veracruz que conforma los municipios de la Sierra del Totonacapan y Papantla como cabecera de distrito va Jaime Humberto P\u00e9rez Bernabe.<\/p>\n\n\n\n<p>El actual diputado va por su segunda reelecci\u00f3n y es que de acuerdo a las encuestas el legislador volvi\u00f3 a salir entre las preferencias y nuevamente buscar\u00e1 estar en la bancada morenista.<\/p>\n","protected":false},"excerpt":{"rendered":"<p>Visitas: 16 Luego de que a\u00fan no sal\u00edan los resultados sobre las candidaturas de Morena a Diputaci\u00f3n Federal en el pa\u00eds, durante este d\u00eda jueves 15 de febrero el partido dio a conocer quienes de los que aspiraban hoy buscar\u00e1n nuevamente el voto del ciudadano. En el sexto distrito de Veracruz que conforma los municipios [&hellip;]<\/p>\n","protected":false},"author":3,"featured_media":205444,"comment_status":"open","ping_status":"open","sticky":false,"template":"","format":"standard","meta":{"footnotes":""},"categories":[215,219],"tags":[41],"class_list":{"0":"post-205443","1":"post","2":"type-post","3":"status-publish","4":"format-standard","5":"has-post-thumbnail","7":"category-papantla","8":"category-zona-norte","9":"tag-portada"},"nelio_content":{"isAutoShareEnabled":true,"autoShareEndMode":"never","automationSources":{"useCustomSentences":false,"customSentences":[]},"followers":[],"suggestedReferences":[],"efiUrl":"","efiAlt":"","highlights":[],"permalinkQueryArgs":[],"series":[]},"_links":{"self":[{"href":"https:\/\/www.enteratever.com\/2023\/wp-json\/wp\/v2\/posts\/205443","targetHints":{"allow":["GET"]}}],"collection":[{"href":"https:\/\/www.enteratever.com\/2023\/wp-json\/wp\/v2\/posts"}],"about":[{"href":"https:\/\/www.enteratever.com\/2023\/wp-json\/wp\/v2\/types\/post"}],"author":[{"embeddable":true,"href":"https:\/\/www.enteratever.com\/2023\/wp-json\/wp\/v2\/users\/3"}],"replies":[{"embeddable":true,"href":"https:\/\/www.enteratever.com\/2023\/wp-json\/wp\/v2\/comments?post=205443"}],"version-history":[{"count":1,"href":"https:\/\/www.enteratever.com\/2023\/wp-json\/wp\/v2\/posts\/205443\/revisions"}],"predecessor-version":[{"id":205445,"href":"https:\/\/www.enteratever.com\/2023\/wp-json\/wp\/v2\/posts\/205443\/revisions\/205445"}],"wp:featuredmedia":[{"embeddable":true,"href":"https:\/\/www.enteratever.com\/2023\/wp-json\/wp\/v2\/media\/205444"}],"wp:attachment":[{"href":"https:\/\/www.enteratever.com\/2023\/wp-json\/wp\/v2\/media?parent=205443"}],"wp:term":[{"taxonomy":"category","embeddable":true,"href":"https:\/\/www.enteratever.com\/2023\/wp-json\/wp\/v2\/categories?post=205443"},{"taxonomy":"post_tag","embeddable":true,"href":"https:\/\/www.enteratever.com\/2023\/wp-json\/wp\/v2\/tags?post=205443"}],"curies":[{"name":"wp","href":"https:\/\/api.w.org\/{rel}","templated":true}]}}