{"id":205365,"date":"2024-02-14T21:29:08","date_gmt":"2024-02-15T03:29:08","guid":{"rendered":"https:\/\/www.enteratever.com\/2023\/?p=205365"},"modified":"2024-02-14T21:29:10","modified_gmt":"2024-02-15T03:29:10","slug":"bodas-colectivas-2024-en-minatitlan-celebran-el-amor-y-la-inclusion-social","status":"publish","type":"post","link":"https:\/\/www.enteratever.com\/2023\/2024\/02\/14\/bodas-colectivas-2024-en-minatitlan-celebran-el-amor-y-la-inclusion-social\/","title":{"rendered":"Bodas Colectivas 2024 en Minatitl\u00e1n Celebran el Amor y la Inclusi\u00f3n Social"},"content":{"rendered":"<p>Visitas: 26<\/p>\n<p>Minatitl\u00e1n, Ver. &#8211; En un emotivo evento realizado esta ma\u00f1ana del 14 de febrero, D\u00eda del Amor y la Amistad, 100 parejas decidieron formalizar su relaci\u00f3n y dar certeza jur\u00eddica a su uni\u00f3n. Este a\u00f1o, por primera vez en el municipio, se llev\u00f3 a cabo una boda igualitaria, as\u00ed como cinco hermanos y unos gemelos decidieron unir sus vidas en matrimonio.<\/p>\n\n\n\n<p>Las bodas colectivas 2024 fueron organizadas por el Gobierno del Estado a trav\u00e9s del Gobierno Municipal de Minatitl\u00e1n, encabezado por la doctora Carmen Medel Palma, en colaboraci\u00f3n con el Sistema DIF Municipal que preside la doctora Vianey del Carmen Cruz Medel y el Registro Civil a cargo del Lic. Francisco Hern\u00e1ndez Hern\u00e1ndez. Este evento especial busca promover la inclusi\u00f3n social y celebrar el amor en todas sus formas.<\/p>\n\n\n\n<div><a href=\"https:\/\/www.enteratever.com\/2023\/wp-content\/uploads\/2024\/02\/428231232_891300939450084_3307028494168268569_n.jpg\" class=\"td-modal-image\"><figure class=\"wp-block-image size-full\"><img loading=\"lazy\" decoding=\"async\" width=\"2048\" height=\"1365\" src=\"https:\/\/www.enteratever.com\/2023\/wp-content\/uploads\/2024\/02\/428231232_891300939450084_3307028494168268569_n.jpg\" alt=\"\" class=\"wp-image-205368\" srcset=\"https:\/\/www.enteratever.com\/2023\/wp-content\/uploads\/2024\/02\/428231232_891300939450084_3307028494168268569_n.jpg 2048w, https:\/\/www.enteratever.com\/2023\/wp-content\/uploads\/2024\/02\/428231232_891300939450084_3307028494168268569_n-300x200.jpg 300w, https:\/\/www.enteratever.com\/2023\/wp-content\/uploads\/2024\/02\/428231232_891300939450084_3307028494168268569_n-1024x683.jpg 1024w, https:\/\/www.enteratever.com\/2023\/wp-content\/uploads\/2024\/02\/428231232_891300939450084_3307028494168268569_n-768x512.jpg 768w, https:\/\/www.enteratever.com\/2023\/wp-content\/uploads\/2024\/02\/428231232_891300939450084_3307028494168268569_n-1536x1024.jpg 1536w, https:\/\/www.enteratever.com\/2023\/wp-content\/uploads\/2024\/02\/428231232_891300939450084_3307028494168268569_n-150x100.jpg 150w, https:\/\/www.enteratever.com\/2023\/wp-content\/uploads\/2024\/02\/428231232_891300939450084_3307028494168268569_n-696x464.jpg 696w, https:\/\/www.enteratever.com\/2023\/wp-content\/uploads\/2024\/02\/428231232_891300939450084_3307028494168268569_n-1068x712.jpg 1068w, https:\/\/www.enteratever.com\/2023\/wp-content\/uploads\/2024\/02\/428231232_891300939450084_3307028494168268569_n-1920x1280.jpg 1920w\" sizes=\"auto, (max-width: 2048px) 100vw, 2048px\" \/><\/figure><\/a><\/div>\n\n\n\n<p><\/p>\n\n\n\n<p>Durante la ceremonia, la doctora Medel Palma felicit\u00f3 a las parejas y les entreg\u00f3 sus actas de matrimonio, destacando la importancia de brindar seguridad jur\u00eddica a sus uniones. Asimismo, se reconoci\u00f3 el esfuerzo conjunto de las instituciones involucradas en la organizaci\u00f3n de las bodas colectivas. Durante el evento estuvo presente el Regidor Duod\u00e9cimo, Mtro. Hugo Leonardo Torres Villegas.<\/p>\n\n\n\n<div><a href=\"https:\/\/www.enteratever.com\/2023\/wp-content\/uploads\/2024\/02\/428203621_891301206116724_2901238058004835779_n.jpg\" class=\"td-modal-image\"><figure class=\"wp-block-image size-full\"><img loading=\"lazy\" decoding=\"async\" width=\"2048\" height=\"1365\" src=\"https:\/\/www.enteratever.com\/2023\/wp-content\/uploads\/2024\/02\/428203621_891301206116724_2901238058004835779_n.jpg\" alt=\"\" class=\"wp-image-205370\" srcset=\"https:\/\/www.enteratever.com\/2023\/wp-content\/uploads\/2024\/02\/428203621_891301206116724_2901238058004835779_n.jpg 2048w, https:\/\/www.enteratever.com\/2023\/wp-content\/uploads\/2024\/02\/428203621_891301206116724_2901238058004835779_n-300x200.jpg 300w, https:\/\/www.enteratever.com\/2023\/wp-content\/uploads\/2024\/02\/428203621_891301206116724_2901238058004835779_n-1024x683.jpg 1024w, https:\/\/www.enteratever.com\/2023\/wp-content\/uploads\/2024\/02\/428203621_891301206116724_2901238058004835779_n-768x512.jpg 768w, https:\/\/www.enteratever.com\/2023\/wp-content\/uploads\/2024\/02\/428203621_891301206116724_2901238058004835779_n-1536x1024.jpg 1536w, https:\/\/www.enteratever.com\/2023\/wp-content\/uploads\/2024\/02\/428203621_891301206116724_2901238058004835779_n-150x100.jpg 150w, https:\/\/www.enteratever.com\/2023\/wp-content\/uploads\/2024\/02\/428203621_891301206116724_2901238058004835779_n-696x464.jpg 696w, https:\/\/www.enteratever.com\/2023\/wp-content\/uploads\/2024\/02\/428203621_891301206116724_2901238058004835779_n-1068x712.jpg 1068w, https:\/\/www.enteratever.com\/2023\/wp-content\/uploads\/2024\/02\/428203621_891301206116724_2901238058004835779_n-1920x1280.jpg 1920w\" sizes=\"auto, (max-width: 2048px) 100vw, 2048px\" \/><\/figure><\/a><\/div>\n","protected":false},"excerpt":{"rendered":"<p>Visitas: 26 Minatitl\u00e1n, Ver. &#8211; En un emotivo evento realizado esta ma\u00f1ana del 14 de febrero, D\u00eda del Amor y la Amistad, 100 parejas decidieron formalizar su relaci\u00f3n y dar certeza jur\u00eddica a su uni\u00f3n. Este a\u00f1o, por primera vez en el municipio, se llev\u00f3 a cabo una boda igualitaria, as\u00ed como cinco hermanos y [&hellip;]<\/p>\n","protected":false},"author":2,"featured_media":205369,"comment_status":"open","ping_status":"open","sticky":false,"template":"","format":"standard","meta":{"footnotes":""},"categories":[243,241],"tags":[],"class_list":{"0":"post-205365","1":"post","2":"type-post","3":"status-publish","4":"format-standard","5":"has-post-thumbnail","7":"category-minatitlan","8":"category-zona-sur"},"nelio_content":{"isAutoShareEnabled":true,"autoShareEndMode":"never","automationSources":{"useCustomSentences":false,"customSentences":[]},"followers":[],"suggestedReferences":[],"efiUrl":"","efiAlt":"","highlights":[],"permalinkQueryArgs":[],"series":[]},"_links":{"self":[{"href":"https:\/\/www.enteratever.com\/2023\/wp-json\/wp\/v2\/posts\/205365","targetHints":{"allow":["GET"]}}],"collection":[{"href":"https:\/\/www.enteratever.com\/2023\/wp-json\/wp\/v2\/posts"}],"about":[{"href":"https:\/\/www.enteratever.com\/2023\/wp-json\/wp\/v2\/types\/post"}],"author":[{"embeddable":true,"href":"https:\/\/www.enteratever.com\/2023\/wp-json\/wp\/v2\/users\/2"}],"replies":[{"embeddable":true,"href":"https:\/\/www.enteratever.com\/2023\/wp-json\/wp\/v2\/comments?post=205365"}],"version-history":[{"count":1,"href":"https:\/\/www.enteratever.com\/2023\/wp-json\/wp\/v2\/posts\/205365\/revisions"}],"predecessor-version":[{"id":205371,"href":"https:\/\/www.enteratever.com\/2023\/wp-json\/wp\/v2\/posts\/205365\/revisions\/205371"}],"wp:featuredmedia":[{"embeddable":true,"href":"https:\/\/www.enteratever.com\/2023\/wp-json\/wp\/v2\/media\/205369"}],"wp:attachment":[{"href":"https:\/\/www.enteratever.com\/2023\/wp-json\/wp\/v2\/media?parent=205365"}],"wp:term":[{"taxonomy":"category","embeddable":true,"href":"https:\/\/www.enteratever.com\/2023\/wp-json\/wp\/v2\/categories?post=205365"},{"taxonomy":"post_tag","embeddable":true,"href":"https:\/\/www.enteratever.com\/2023\/wp-json\/wp\/v2\/tags?post=205365"}],"curies":[{"name":"wp","href":"https:\/\/api.w.org\/{rel}","templated":true}]}}