{"id":205054,"date":"2024-02-12T08:13:00","date_gmt":"2024-02-12T14:13:00","guid":{"rendered":"https:\/\/www.enteratever.com\/2023\/?p=205054"},"modified":"2024-02-12T08:13:03","modified_gmt":"2024-02-12T14:13:03","slug":"impulsa-gobierno-de-minatitlan-el-emprendimiento-local-con-talleres-de-reposteria","status":"publish","type":"post","link":"https:\/\/www.enteratever.com\/2023\/2024\/02\/12\/impulsa-gobierno-de-minatitlan-el-emprendimiento-local-con-talleres-de-reposteria\/","title":{"rendered":"Impulsa Gobierno de Minatitl\u00e1n el emprendimiento local con talleres de Reposter\u00eda"},"content":{"rendered":"<p>Visitas: 1<\/p>\n<p>Minatitl\u00e1n, Ver. &#8211; En un esfuerzo por apoyar la econom\u00eda local y fomentar el autoempleo en el municipio que florece, la doctora Carmen Medel Palma, Presidenta Municipal de Minatitl\u00e1n, a trav\u00e9s de la regidur\u00eda primera a cargo de la Ing. Alma Judith Esteban Bautista, quien tiene a su cargo las Comisiones de Desarrollo Econ\u00f3mico, Ciencia y Tecnolog\u00eda, llev\u00f3 a cabo un taller de Decoraci\u00f3n y Montaje de Reposter\u00eda para San Valent\u00edn.<\/p>\n\n\n\n<p>En este taller participaron 15 personas, como parte del programa Talleres Re-Activemos Minatitl\u00e1n. Esteban Bautista destac\u00f3 que este tipo de actividades brindan a la poblaci\u00f3n la oportunidad de aprender un oficio y generar un ingreso econ\u00f3mico adicional. Durante el taller, los participantes aprendieron t\u00e9cnicas de decoraci\u00f3n de manera econ\u00f3mica y rentable para su inversi\u00f3n.<\/p>\n\n\n\n<p>Adem\u00e1s mencion\u00f3 que se seguir\u00e1n realizando m\u00e1s cursos en el futuro, por lo que es importante que la ciudadan\u00eda est\u00e9 atenta a las publicaciones realizadas en la p\u00e1gina oficial del municipio, donde se dar\u00e1n a conocer las pr\u00f3ximas actividades.<\/p>\n\n\n\n<p>Con estas acciones el gobierno municipal de Minatitl\u00e1n impulsa el desarrollo econ\u00f3mico local y promueve el emprendimiento entre los habitantes del municipio.<\/p>\n","protected":false},"excerpt":{"rendered":"<p>Visitas: 1 Minatitl\u00e1n, Ver. &#8211; En un esfuerzo por apoyar la econom\u00eda local y fomentar el autoempleo en el municipio que florece, la doctora Carmen Medel Palma, Presidenta Municipal de Minatitl\u00e1n, a trav\u00e9s de la regidur\u00eda primera a cargo de la Ing. Alma Judith Esteban Bautista, quien tiene a su cargo las Comisiones de Desarrollo [&hellip;]<\/p>\n","protected":false},"author":2,"featured_media":205055,"comment_status":"open","ping_status":"open","sticky":false,"template":"","format":"standard","meta":{"footnotes":""},"categories":[243,241],"tags":[],"class_list":{"0":"post-205054","1":"post","2":"type-post","3":"status-publish","4":"format-standard","5":"has-post-thumbnail","7":"category-minatitlan","8":"category-zona-sur"},"nelio_content":{"isAutoShareEnabled":true,"autoShareEndMode":"never","automationSources":{"useCustomSentences":false,"customSentences":[]},"followers":[],"suggestedReferences":[],"efiUrl":"","efiAlt":"","highlights":[],"permalinkQueryArgs":[],"series":[]},"_links":{"self":[{"href":"https:\/\/www.enteratever.com\/2023\/wp-json\/wp\/v2\/posts\/205054","targetHints":{"allow":["GET"]}}],"collection":[{"href":"https:\/\/www.enteratever.com\/2023\/wp-json\/wp\/v2\/posts"}],"about":[{"href":"https:\/\/www.enteratever.com\/2023\/wp-json\/wp\/v2\/types\/post"}],"author":[{"embeddable":true,"href":"https:\/\/www.enteratever.com\/2023\/wp-json\/wp\/v2\/users\/2"}],"replies":[{"embeddable":true,"href":"https:\/\/www.enteratever.com\/2023\/wp-json\/wp\/v2\/comments?post=205054"}],"version-history":[{"count":1,"href":"https:\/\/www.enteratever.com\/2023\/wp-json\/wp\/v2\/posts\/205054\/revisions"}],"predecessor-version":[{"id":205056,"href":"https:\/\/www.enteratever.com\/2023\/wp-json\/wp\/v2\/posts\/205054\/revisions\/205056"}],"wp:featuredmedia":[{"embeddable":true,"href":"https:\/\/www.enteratever.com\/2023\/wp-json\/wp\/v2\/media\/205055"}],"wp:attachment":[{"href":"https:\/\/www.enteratever.com\/2023\/wp-json\/wp\/v2\/media?parent=205054"}],"wp:term":[{"taxonomy":"category","embeddable":true,"href":"https:\/\/www.enteratever.com\/2023\/wp-json\/wp\/v2\/categories?post=205054"},{"taxonomy":"post_tag","embeddable":true,"href":"https:\/\/www.enteratever.com\/2023\/wp-json\/wp\/v2\/tags?post=205054"}],"curies":[{"name":"wp","href":"https:\/\/api.w.org\/{rel}","templated":true}]}}