{"id":204806,"date":"2024-02-06T19:17:29","date_gmt":"2024-02-07T01:17:29","guid":{"rendered":"https:\/\/www.enteratever.com\/2023\/?p=204806"},"modified":"2024-02-06T19:17:31","modified_gmt":"2024-02-07T01:17:31","slug":"carmen-medel-palma-escucha-y-actua-en-beneficio-de-los-ciudadanos-en-recorrido-por-la-colonia-8-de-mayo","status":"publish","type":"post","link":"https:\/\/www.enteratever.com\/2023\/2024\/02\/06\/carmen-medel-palma-escucha-y-actua-en-beneficio-de-los-ciudadanos-en-recorrido-por-la-colonia-8-de-mayo\/","title":{"rendered":"Carmen Medel Palma escucha y act\u00faa en beneficio de los ciudadanos en recorrido por la colonia 8 de Mayo"},"content":{"rendered":"<p>Visitas: 1<\/p>\n<p>Minatitl\u00e1n, Ver. &#8211; La presidenta municipal de Minatitl\u00e1n, doctora Carmen Medel Palma, llev\u00f3 a cabo un recorrido por la colonia 8 de Mayo en compa\u00f1\u00eda de personal de Obras P\u00fablicas, Participaci\u00f3n Ciudadana y el Sistema DIF Municipal. Durante esta visita, la mandataria salud\u00f3 a los ciudadanos y escuch\u00f3 atentamente sus principales necesidades con el objetivo de mejorar las condiciones de vida de las familias.<\/p>\n\n\n\n<p>Es importante destacar que a pesar de que esta colonia fue demarcada por el INEGI como parte de Cosoleacaque, la doctora ha instruido mejorar la red de alumbrado para brindar seguridad a la ciudadan\u00eda. En este lugar, Medel Palma resalt\u00f3 que a pesar de pertenecer a otro municipio, su administraci\u00f3n en Minatitl\u00e1n trabaja incansablemente por el bienestar de los ciudadanos, demostrando ser un municipio inclusivo y comprometido con el progreso de todos.<\/p>\n\n\n\n<p>Con estas acciones reafirma su compromiso con la poblaci\u00f3n y asegur\u00f3 que seguir\u00e1 trabajando arduamente para atender las necesidades m\u00e1s apremiantes y garantizar un entorno seguro y pr\u00f3spero para todos los habitantes. Minatitl\u00e1n contin\u00faa siendo un municipio en crecimiento que busca el beneficio colectivo y la mejora constante en la calidad de vida de sus residentes.<\/p>\n","protected":false},"excerpt":{"rendered":"<p>Visitas: 1 Minatitl\u00e1n, Ver. &#8211; La presidenta municipal de Minatitl\u00e1n, doctora Carmen Medel Palma, llev\u00f3 a cabo un recorrido por la colonia 8 de Mayo en compa\u00f1\u00eda de personal de Obras P\u00fablicas, Participaci\u00f3n Ciudadana y el Sistema DIF Municipal. Durante esta visita, la mandataria salud\u00f3 a los ciudadanos y escuch\u00f3 atentamente sus principales necesidades con [&hellip;]<\/p>\n","protected":false},"author":2,"featured_media":204809,"comment_status":"open","ping_status":"open","sticky":false,"template":"","format":"standard","meta":{"footnotes":""},"categories":[243,241],"tags":[],"class_list":{"0":"post-204806","1":"post","2":"type-post","3":"status-publish","4":"format-standard","5":"has-post-thumbnail","7":"category-minatitlan","8":"category-zona-sur"},"nelio_content":{"isAutoShareEnabled":true,"autoShareEndMode":"never","automationSources":{"useCustomSentences":false,"customSentences":[]},"followers":[],"suggestedReferences":[],"efiUrl":"","efiAlt":"","highlights":[],"permalinkQueryArgs":[],"series":[]},"_links":{"self":[{"href":"https:\/\/www.enteratever.com\/2023\/wp-json\/wp\/v2\/posts\/204806","targetHints":{"allow":["GET"]}}],"collection":[{"href":"https:\/\/www.enteratever.com\/2023\/wp-json\/wp\/v2\/posts"}],"about":[{"href":"https:\/\/www.enteratever.com\/2023\/wp-json\/wp\/v2\/types\/post"}],"author":[{"embeddable":true,"href":"https:\/\/www.enteratever.com\/2023\/wp-json\/wp\/v2\/users\/2"}],"replies":[{"embeddable":true,"href":"https:\/\/www.enteratever.com\/2023\/wp-json\/wp\/v2\/comments?post=204806"}],"version-history":[{"count":1,"href":"https:\/\/www.enteratever.com\/2023\/wp-json\/wp\/v2\/posts\/204806\/revisions"}],"predecessor-version":[{"id":204810,"href":"https:\/\/www.enteratever.com\/2023\/wp-json\/wp\/v2\/posts\/204806\/revisions\/204810"}],"wp:featuredmedia":[{"embeddable":true,"href":"https:\/\/www.enteratever.com\/2023\/wp-json\/wp\/v2\/media\/204809"}],"wp:attachment":[{"href":"https:\/\/www.enteratever.com\/2023\/wp-json\/wp\/v2\/media?parent=204806"}],"wp:term":[{"taxonomy":"category","embeddable":true,"href":"https:\/\/www.enteratever.com\/2023\/wp-json\/wp\/v2\/categories?post=204806"},{"taxonomy":"post_tag","embeddable":true,"href":"https:\/\/www.enteratever.com\/2023\/wp-json\/wp\/v2\/tags?post=204806"}],"curies":[{"name":"wp","href":"https:\/\/api.w.org\/{rel}","templated":true}]}}