{"id":204641,"date":"2024-02-03T17:31:51","date_gmt":"2024-02-03T23:31:51","guid":{"rendered":"https:\/\/www.enteratever.com\/2023\/?p=204641"},"modified":"2024-02-03T17:31:53","modified_gmt":"2024-02-03T23:31:53","slug":"realiza-carmen-medel-homenaje-en-vida-a-adela-cazarin-gracia-fundadora-del-son-jarocho-en-minatitlan","status":"publish","type":"post","link":"https:\/\/www.enteratever.com\/2023\/2024\/02\/03\/realiza-carmen-medel-homenaje-en-vida-a-adela-cazarin-gracia-fundadora-del-son-jarocho-en-minatitlan\/","title":{"rendered":"Realiza Carmen Medel Homenaje en Vida a Adela Cazar\u00edn Gracia fundadora del Son Jarocho en Minatitl\u00e1n"},"content":{"rendered":"<p>Visitas: 10<\/p>\n<p>Minatitl\u00e1n, Ver. &#8211; El Gobierno de Minatitl\u00e1n, llev\u00f3 a cabo un emotivo homenaje en vida a Adela Cazar\u00edn Gracia, precursora del fandango en la regi\u00f3n sur por m\u00e1s de 70 a\u00f1os. El evento tuvo lugar en el parque Independencia, donde cientos de familias se reunieron para disfrutar de presentaciones culturales en honor a esta destacada figura.<\/p>\n\n\n\n<p>En este significativo homenaje se sumaron reconocidos grupos musicales como Las Iguanitas, Las Brujas, La F\u00e1brica, Los Nietos de Nicol\u00e1s, Los Amigos del Son, Cubamba, Son del Nanche de Nanchital y Son de Manguito. Adem\u00e1s, se cont\u00f3 con la presentaci\u00f3n especial de Quebranto de Rub\u00ed Oseguera, en un ambiente festivo y lleno de tradici\u00f3n.<\/p>\n\n\n\n<p>Adela Cazar\u00edn Gracia expres\u00f3 su gratitud y emoci\u00f3n al recibir este merecido reconocimiento en vida. La doctora Medel Palma destac\u00f3: \u00abDo\u00f1a Adela, como la conocemos, es reconocida como una de las primeras fundadoras de la zona sur del estado y es un personaje emblem\u00e1tico en el son jarocho\u00bb. Este elogio resalta la importancia y el legado cultural que Adela ha dejado en la regi\u00f3n.<\/p>\n\n\n\n<p>Al comp\u00e1s de los sones tradicionales, la homenajeada disfrut\u00f3 de momentos especiales de baile junto a la alcaldesa Medel Palma, demostrando as\u00ed su pasi\u00f3n por nuestras ra\u00edces culturales. En este contexto, la doctora Medel Palma felicit\u00f3 a Francisco Morales Molina, Jefe de Cultura, por su dedicaci\u00f3n y contribuci\u00f3n para hacer de Minatitl\u00e1n un municipio que florece con tradici\u00f3n y cultura.<\/p>\n","protected":false},"excerpt":{"rendered":"<p>Visitas: 10 Minatitl\u00e1n, Ver. &#8211; El Gobierno de Minatitl\u00e1n, llev\u00f3 a cabo un emotivo homenaje en vida a Adela Cazar\u00edn Gracia, precursora del fandango en la regi\u00f3n sur por m\u00e1s de 70 a\u00f1os. El evento tuvo lugar en el parque Independencia, donde cientos de familias se reunieron para disfrutar de presentaciones culturales en honor a [&hellip;]<\/p>\n","protected":false},"author":2,"featured_media":204642,"comment_status":"open","ping_status":"open","sticky":false,"template":"","format":"standard","meta":{"footnotes":""},"categories":[243,241],"tags":[],"class_list":{"0":"post-204641","1":"post","2":"type-post","3":"status-publish","4":"format-standard","5":"has-post-thumbnail","7":"category-minatitlan","8":"category-zona-sur"},"nelio_content":{"isAutoShareEnabled":true,"autoShareEndMode":"never","automationSources":{"useCustomSentences":false,"customSentences":[]},"followers":[],"suggestedReferences":[],"efiUrl":"","efiAlt":"","highlights":[],"permalinkQueryArgs":[],"series":[]},"_links":{"self":[{"href":"https:\/\/www.enteratever.com\/2023\/wp-json\/wp\/v2\/posts\/204641","targetHints":{"allow":["GET"]}}],"collection":[{"href":"https:\/\/www.enteratever.com\/2023\/wp-json\/wp\/v2\/posts"}],"about":[{"href":"https:\/\/www.enteratever.com\/2023\/wp-json\/wp\/v2\/types\/post"}],"author":[{"embeddable":true,"href":"https:\/\/www.enteratever.com\/2023\/wp-json\/wp\/v2\/users\/2"}],"replies":[{"embeddable":true,"href":"https:\/\/www.enteratever.com\/2023\/wp-json\/wp\/v2\/comments?post=204641"}],"version-history":[{"count":1,"href":"https:\/\/www.enteratever.com\/2023\/wp-json\/wp\/v2\/posts\/204641\/revisions"}],"predecessor-version":[{"id":204643,"href":"https:\/\/www.enteratever.com\/2023\/wp-json\/wp\/v2\/posts\/204641\/revisions\/204643"}],"wp:featuredmedia":[{"embeddable":true,"href":"https:\/\/www.enteratever.com\/2023\/wp-json\/wp\/v2\/media\/204642"}],"wp:attachment":[{"href":"https:\/\/www.enteratever.com\/2023\/wp-json\/wp\/v2\/media?parent=204641"}],"wp:term":[{"taxonomy":"category","embeddable":true,"href":"https:\/\/www.enteratever.com\/2023\/wp-json\/wp\/v2\/categories?post=204641"},{"taxonomy":"post_tag","embeddable":true,"href":"https:\/\/www.enteratever.com\/2023\/wp-json\/wp\/v2\/tags?post=204641"}],"curies":[{"name":"wp","href":"https:\/\/api.w.org\/{rel}","templated":true}]}}