{"id":204469,"date":"2024-02-01T11:27:55","date_gmt":"2024-02-01T17:27:55","guid":{"rendered":"https:\/\/www.enteratever.com\/2023\/?p=204469"},"modified":"2024-02-01T11:27:57","modified_gmt":"2024-02-01T17:27:57","slug":"carmen-medel-palma-inaugura-la-primera-obra-del-2024-en-minatitlan","status":"publish","type":"post","link":"https:\/\/www.enteratever.com\/2023\/2024\/02\/01\/carmen-medel-palma-inaugura-la-primera-obra-del-2024-en-minatitlan\/","title":{"rendered":"Carmen Medel Palma, inaugura la primera obra del 2024 en Minatitl\u00e1n"},"content":{"rendered":"<p>Visitas: 0<\/p>\n<p>Minatitl\u00e1n, Ver.- La presidenta municipal de Minatitl\u00e1n, <a href=\"https:\/\/www.facebook.com\/DraMedelPalma?__cft__[0]=AZUeLWPqmYIwYrx-bwXO519Z-hrWxPmUOPFczIkbCKM6r9o2sTnGsDg9c2pPjpQE-VGxkMCInEY2qqUx_nKOjkWYmoJF9oCqcQd49AqAoG0ksCs6oWD1P8S08lzu7FB6maC9YdqSTov4nA5--1ahlV5w&amp;__tn__=-]K-R\">Dra. Carmen Medel<\/a>, llevo a cabo la inauguraci\u00f3n de la primera obra del a\u00f1o 2024, como parte del trabajo bien estructurado que busca la transformaci\u00f3n y el desarrollo del municipio. La obra consiste en la pavimentaci\u00f3n con concreto hidr\u00e1ulico de la calle Jaime Nuno, ubicada entre las calles 14 de Febrero y Montes de Oca, en la colonia Praderas del Jag\u00fcey. Esta importante intervenci\u00f3n ha dotado a la zona de una nueva imagen y mejores condiciones para sus habitantes.<\/p>\n\n\n\n<p>Medel Palma destac\u00f3 que esta significativa obra se realiz\u00f3 bajo un techo financiero superior a 1 mill\u00f3n 100 mil pesos, provenientes del Fondo de Aportaciones para el Fortalecimiento de los Municipios (FAISMUN) 2023. Dicha inversi\u00f3n beneficiar\u00e1 a m\u00e1s de 3 mil habitantes de la zona, mejorando su calidad de vida y movilidad dentro del municipio.<\/p>\n\n\n\n<p>Durante el evento inaugural hizo un llamado a los vecinos para mantener limpia y en buen estado la calle reci\u00e9n pavimentada, fomentando as\u00ed el cuidado y preservaci\u00f3n de esta importante infraestructura urbana.<\/p>\n\n\n\n<p>Asimismo, los beneficiados expresaron su gratitud por esta obra que sin duda representa un avance significativo en el desarrollo y embellecimiento de su colonia. Reconocieron el compromiso y dedicaci\u00f3n de la doctora Medel Palma por trabajar incansablemente en favor de la transformaci\u00f3n positiva del municipio.<\/p>\n","protected":false},"excerpt":{"rendered":"<p>Visitas: 0 Minatitl\u00e1n, Ver.- La presidenta municipal de Minatitl\u00e1n, Dra. Carmen Medel, llevo a cabo la inauguraci\u00f3n de la primera obra del a\u00f1o 2024, como parte del trabajo bien estructurado que busca la transformaci\u00f3n y el desarrollo del municipio. La obra consiste en la pavimentaci\u00f3n con concreto hidr\u00e1ulico de la calle Jaime Nuno, ubicada entre [&hellip;]<\/p>\n","protected":false},"author":2,"featured_media":204473,"comment_status":"open","ping_status":"open","sticky":false,"template":"","format":"standard","meta":{"footnotes":""},"categories":[243,241],"tags":[],"class_list":{"0":"post-204469","1":"post","2":"type-post","3":"status-publish","4":"format-standard","5":"has-post-thumbnail","7":"category-minatitlan","8":"category-zona-sur"},"nelio_content":{"isAutoShareEnabled":true,"autoShareEndMode":"never","automationSources":{"useCustomSentences":false,"customSentences":[]},"followers":[],"suggestedReferences":[],"efiUrl":"","efiAlt":"","highlights":[],"permalinkQueryArgs":[],"series":[]},"_links":{"self":[{"href":"https:\/\/www.enteratever.com\/2023\/wp-json\/wp\/v2\/posts\/204469","targetHints":{"allow":["GET"]}}],"collection":[{"href":"https:\/\/www.enteratever.com\/2023\/wp-json\/wp\/v2\/posts"}],"about":[{"href":"https:\/\/www.enteratever.com\/2023\/wp-json\/wp\/v2\/types\/post"}],"author":[{"embeddable":true,"href":"https:\/\/www.enteratever.com\/2023\/wp-json\/wp\/v2\/users\/2"}],"replies":[{"embeddable":true,"href":"https:\/\/www.enteratever.com\/2023\/wp-json\/wp\/v2\/comments?post=204469"}],"version-history":[{"count":1,"href":"https:\/\/www.enteratever.com\/2023\/wp-json\/wp\/v2\/posts\/204469\/revisions"}],"predecessor-version":[{"id":204477,"href":"https:\/\/www.enteratever.com\/2023\/wp-json\/wp\/v2\/posts\/204469\/revisions\/204477"}],"wp:featuredmedia":[{"embeddable":true,"href":"https:\/\/www.enteratever.com\/2023\/wp-json\/wp\/v2\/media\/204473"}],"wp:attachment":[{"href":"https:\/\/www.enteratever.com\/2023\/wp-json\/wp\/v2\/media?parent=204469"}],"wp:term":[{"taxonomy":"category","embeddable":true,"href":"https:\/\/www.enteratever.com\/2023\/wp-json\/wp\/v2\/categories?post=204469"},{"taxonomy":"post_tag","embeddable":true,"href":"https:\/\/www.enteratever.com\/2023\/wp-json\/wp\/v2\/tags?post=204469"}],"curies":[{"name":"wp","href":"https:\/\/api.w.org\/{rel}","templated":true}]}}