{"id":204467,"date":"2024-02-01T11:26:51","date_gmt":"2024-02-01T17:26:51","guid":{"rendered":"https:\/\/www.enteratever.com\/2023\/?p=204467"},"modified":"2024-03-26T12:58:46","modified_gmt":"2024-03-26T18:58:46","slug":"atestigua-carmen-medel-palma-regreso-a-clases-de-estudiantes-del-instituto-tecnologico-de-minatitlan","status":"publish","type":"post","link":"https:\/\/www.enteratever.com\/2023\/2024\/02\/01\/atestigua-carmen-medel-palma-regreso-a-clases-de-estudiantes-del-instituto-tecnologico-de-minatitlan\/","title":{"rendered":"Atestigua Carmen Medel Palma regreso a clases de estudiantes del Instituto Tecnol\u00f3gico de Minatitl\u00e1n"},"content":{"rendered":"<p>Visitas: 1<\/p>\n<p>Minatitl\u00e1n, Ver. &#8211; La presidenta municipal de Minatitl\u00e1n, <a href=\"https:\/\/www.facebook.com\/DraMedelPalma?__cft__[0]=AZXB61NRzOgX1Ixs-NzKQ0e_K8d8meEUyWV_4BVCeJoxr_-a-5tTQN6NkHGvmEoZZ5Jps7Fcs3grlOdq3sQALavzsN9aC8D-DDFN-3B0c0dwcWklVflo2ygX2xMSYrjpA63OUa889wZTKQe6J2nGYzWX&amp;__tn__=-]K-R\">Dra. Carmen Medel<\/a>, ha sido testigo del regreso a clases de 3,459 estudiantes del Instituto Tecnol\u00f3gico de Minatitl\u00e1n, quienes se han incorporado a sus aulas para dar cumplimiento al periodo semestral enero-junio 2024. Durante la ceremonia de inicio de clases, la alcaldesa destac\u00f3 la dedicaci\u00f3n y compromiso de cada maestro y maestra, quienes desempe\u00f1an un papel fundamental en el crecimiento y desarrollo de esta instituci\u00f3n educativa.<\/p>\n\n\n\n<p>Asimismo, la doctora Medel Palma reconoci\u00f3 el trabajo del maestro Sergio Fernando Garibay Armenta, director del Instituto Tecnol\u00f3gico de Minatitl\u00e1n, resaltando su compromiso con la excelencia acad\u00e9mica y su visi\u00f3n para el futuro como fundamentales para el \u00e9xito continuo de esta instituci\u00f3n.<\/p>\n\n\n\n<p>En su calidad de alcaldesa, reiter\u00f3 su compromiso de apoyar al Instituto Tecnol\u00f3gico de Minatitl\u00e1n en su misi\u00f3n educativa. \u201cLa educaci\u00f3n es la piedra angular del progreso y es fundamental asegurarnos de que nuestros j\u00f3venes tengan acceso a una educaci\u00f3n de calidad\u201d, asever\u00f3.<\/p>\n\n\n\n<p>Adem\u00e1s, felicit\u00f3 a 34 personas que recibieron su certificado de primaria y secundaria a trav\u00e9s del programa AlfabetizaTec en coordinaci\u00f3n con el Instituto Veracruzano de Educaci\u00f3n para los Adultos (IVEA). En este programa participaron 20 estudiantes en servicio social.<\/p>\n\n\n\n<p>De esta manera se comprometi\u00f3 a seguir trabajando en colaboraci\u00f3n con las instituciones educativas para garantizar que todos los ciudadanos tengan acceso a oportunidades que les permitan alcanzar su m\u00e1ximo potencial.<\/p>\n","protected":false},"excerpt":{"rendered":"<p>Visitas: 1 Minatitl\u00e1n, Ver. &#8211; La presidenta municipal de Minatitl\u00e1n, Dra. Carmen Medel, ha sido testigo del regreso a clases de 3,459 estudiantes del Instituto Tecnol\u00f3gico de Minatitl\u00e1n, quienes se han incorporado a sus aulas para dar cumplimiento al periodo semestral enero-junio 2024. Durante la ceremonia de inicio de clases, la alcaldesa destac\u00f3 la dedicaci\u00f3n [&hellip;]<\/p>\n","protected":false},"author":2,"featured_media":204470,"comment_status":"open","ping_status":"open","sticky":false,"template":"","format":"standard","meta":{"footnotes":""},"categories":[243,241],"tags":[],"class_list":{"0":"post-204467","1":"post","2":"type-post","3":"status-publish","4":"format-standard","5":"has-post-thumbnail","7":"category-minatitlan","8":"category-zona-sur"},"nelio_content":{"isAutoShareEnabled":true,"autoShareEndMode":"never","automationSources":{"useCustomSentences":false,"customSentences":[]},"followers":[],"suggestedReferences":[],"efiUrl":"","efiAlt":"","highlights":[],"permalinkQueryArgs":[],"series":[]},"_links":{"self":[{"href":"https:\/\/www.enteratever.com\/2023\/wp-json\/wp\/v2\/posts\/204467","targetHints":{"allow":["GET"]}}],"collection":[{"href":"https:\/\/www.enteratever.com\/2023\/wp-json\/wp\/v2\/posts"}],"about":[{"href":"https:\/\/www.enteratever.com\/2023\/wp-json\/wp\/v2\/types\/post"}],"author":[{"embeddable":true,"href":"https:\/\/www.enteratever.com\/2023\/wp-json\/wp\/v2\/users\/2"}],"replies":[{"embeddable":true,"href":"https:\/\/www.enteratever.com\/2023\/wp-json\/wp\/v2\/comments?post=204467"}],"version-history":[{"count":1,"href":"https:\/\/www.enteratever.com\/2023\/wp-json\/wp\/v2\/posts\/204467\/revisions"}],"predecessor-version":[{"id":204475,"href":"https:\/\/www.enteratever.com\/2023\/wp-json\/wp\/v2\/posts\/204467\/revisions\/204475"}],"wp:featuredmedia":[{"embeddable":true,"href":"https:\/\/www.enteratever.com\/2023\/wp-json\/wp\/v2\/media\/204470"}],"wp:attachment":[{"href":"https:\/\/www.enteratever.com\/2023\/wp-json\/wp\/v2\/media?parent=204467"}],"wp:term":[{"taxonomy":"category","embeddable":true,"href":"https:\/\/www.enteratever.com\/2023\/wp-json\/wp\/v2\/categories?post=204467"},{"taxonomy":"post_tag","embeddable":true,"href":"https:\/\/www.enteratever.com\/2023\/wp-json\/wp\/v2\/tags?post=204467"}],"curies":[{"name":"wp","href":"https:\/\/api.w.org\/{rel}","templated":true}]}}