{"id":204253,"date":"2024-01-29T16:07:01","date_gmt":"2024-01-29T22:07:01","guid":{"rendered":"https:\/\/www.enteratever.com\/2023\/?p=204253"},"modified":"2024-01-29T16:07:04","modified_gmt":"2024-01-29T22:07:04","slug":"se-sale-de-la-carretera-poza-rica-papantla","status":"publish","type":"post","link":"https:\/\/www.enteratever.com\/2023\/2024\/01\/29\/se-sale-de-la-carretera-poza-rica-papantla\/","title":{"rendered":"Se sale de la carretera Poza Rica &#8211; Papantla"},"content":{"rendered":"<p>Visitas: 64<\/p>\n<p>Durante esta ma\u00f1ana una joven de nombre Zayde Arellano Dom\u00ednguez, de 32 a\u00f1os de edad, sufri\u00f3 un accidente sobre la carretera que conecta los municipios de Papantla y Poza Rica muy cercano a la comunidad El Escol\u00edn.<\/p>\n\n\n\n<p>La conductora quien sufri\u00f3 una lesi\u00f3n en el brazo dijo ser t\u00e9cnico en urgencias m\u00e9dicas de la CRM de Poza Rica y empleada de \u00abMEDEBAC\u00bb.<\/p>\n\n\n\n<p>La f\u00e9mina conduc\u00eda un veh\u00edculo, l\u00ednea Atos, de modelo atrasado y color rojo. Coment\u00f3 a param\u00e9dicos del Escuadr\u00f3n Nacional de Rescate que llegaron al lugar de los hechos que trato de esquivar unos baches generando que perdiera el control de la unidad saliendo de la carretera.<\/p>\n\n\n\n<figure class=\"wp-block-gallery has-nested-images columns-default td-modal-on-gallery wp-block-gallery-1 is-layout-flex wp-block-gallery-is-layout-flex\">\n<figure class=\"wp-block-image size-full\"><img loading=\"lazy\" decoding=\"async\" width=\"1280\" height=\"960\" data-id=\"204254\" src=\"https:\/\/www.enteratever.com\/2023\/wp-content\/uploads\/2024\/01\/WhatsApp-Image-2024-01-29-at-4.00.38-P.jpg\" alt=\"\" class=\"wp-image-204254\" srcset=\"https:\/\/www.enteratever.com\/2023\/wp-content\/uploads\/2024\/01\/WhatsApp-Image-2024-01-29-at-4.00.38-P.jpg 1280w, https:\/\/www.enteratever.com\/2023\/wp-content\/uploads\/2024\/01\/WhatsApp-Image-2024-01-29-at-4.00.38-P-300x225.jpg 300w, https:\/\/www.enteratever.com\/2023\/wp-content\/uploads\/2024\/01\/WhatsApp-Image-2024-01-29-at-4.00.38-P-1024x768.jpg 1024w, https:\/\/www.enteratever.com\/2023\/wp-content\/uploads\/2024\/01\/WhatsApp-Image-2024-01-29-at-4.00.38-P-768x576.jpg 768w, https:\/\/www.enteratever.com\/2023\/wp-content\/uploads\/2024\/01\/WhatsApp-Image-2024-01-29-at-4.00.38-P-150x113.jpg 150w, https:\/\/www.enteratever.com\/2023\/wp-content\/uploads\/2024\/01\/WhatsApp-Image-2024-01-29-at-4.00.38-P-696x522.jpg 696w, https:\/\/www.enteratever.com\/2023\/wp-content\/uploads\/2024\/01\/WhatsApp-Image-2024-01-29-at-4.00.38-P-1068x801.jpg 1068w\" sizes=\"auto, (max-width: 1280px) 100vw, 1280px\" \/><\/figure>\n\n\n\n<figure class=\"wp-block-image size-full\"><img loading=\"lazy\" decoding=\"async\" width=\"1280\" height=\"960\" data-id=\"204255\" src=\"https:\/\/www.enteratever.com\/2023\/wp-content\/uploads\/2024\/01\/WhatsApp-Image-2024-01-29-at-4.00.38-PM.jpg\" alt=\"\" class=\"wp-image-204255\" srcset=\"https:\/\/www.enteratever.com\/2023\/wp-content\/uploads\/2024\/01\/WhatsApp-Image-2024-01-29-at-4.00.38-PM.jpg 1280w, https:\/\/www.enteratever.com\/2023\/wp-content\/uploads\/2024\/01\/WhatsApp-Image-2024-01-29-at-4.00.38-PM-300x225.jpg 300w, https:\/\/www.enteratever.com\/2023\/wp-content\/uploads\/2024\/01\/WhatsApp-Image-2024-01-29-at-4.00.38-PM-1024x768.jpg 1024w, https:\/\/www.enteratever.com\/2023\/wp-content\/uploads\/2024\/01\/WhatsApp-Image-2024-01-29-at-4.00.38-PM-768x576.jpg 768w, https:\/\/www.enteratever.com\/2023\/wp-content\/uploads\/2024\/01\/WhatsApp-Image-2024-01-29-at-4.00.38-PM-150x113.jpg 150w, https:\/\/www.enteratever.com\/2023\/wp-content\/uploads\/2024\/01\/WhatsApp-Image-2024-01-29-at-4.00.38-PM-696x522.jpg 696w, https:\/\/www.enteratever.com\/2023\/wp-content\/uploads\/2024\/01\/WhatsApp-Image-2024-01-29-at-4.00.38-PM-1068x801.jpg 1068w\" sizes=\"auto, (max-width: 1280px) 100vw, 1280px\" \/><\/figure>\n<\/figure>\n","protected":false},"excerpt":{"rendered":"<p>Visitas: 64 Durante esta ma\u00f1ana una joven de nombre Zayde Arellano Dom\u00ednguez, de 32 a\u00f1os de edad, sufri\u00f3 un accidente sobre la carretera que conecta los municipios de Papantla y Poza Rica muy cercano a la comunidad El Escol\u00edn. La conductora quien sufri\u00f3 una lesi\u00f3n en el brazo dijo ser t\u00e9cnico en urgencias m\u00e9dicas de [&hellip;]<\/p>\n","protected":false},"author":3,"featured_media":204255,"comment_status":"open","ping_status":"open","sticky":false,"template":"","format":"standard","meta":{"footnotes":""},"categories":[299,215,219],"tags":[41],"class_list":{"0":"post-204253","1":"post","2":"type-post","3":"status-publish","4":"format-standard","5":"has-post-thumbnail","7":"category-notas-locales","8":"category-papantla","9":"category-zona-norte","10":"tag-portada"},"nelio_content":{"isAutoShareEnabled":true,"autoShareEndMode":"never","automationSources":{"useCustomSentences":false,"customSentences":[]},"followers":[],"suggestedReferences":[],"efiUrl":"","efiAlt":"","highlights":[],"permalinkQueryArgs":[],"series":[]},"_links":{"self":[{"href":"https:\/\/www.enteratever.com\/2023\/wp-json\/wp\/v2\/posts\/204253","targetHints":{"allow":["GET"]}}],"collection":[{"href":"https:\/\/www.enteratever.com\/2023\/wp-json\/wp\/v2\/posts"}],"about":[{"href":"https:\/\/www.enteratever.com\/2023\/wp-json\/wp\/v2\/types\/post"}],"author":[{"embeddable":true,"href":"https:\/\/www.enteratever.com\/2023\/wp-json\/wp\/v2\/users\/3"}],"replies":[{"embeddable":true,"href":"https:\/\/www.enteratever.com\/2023\/wp-json\/wp\/v2\/comments?post=204253"}],"version-history":[{"count":1,"href":"https:\/\/www.enteratever.com\/2023\/wp-json\/wp\/v2\/posts\/204253\/revisions"}],"predecessor-version":[{"id":204256,"href":"https:\/\/www.enteratever.com\/2023\/wp-json\/wp\/v2\/posts\/204253\/revisions\/204256"}],"wp:featuredmedia":[{"embeddable":true,"href":"https:\/\/www.enteratever.com\/2023\/wp-json\/wp\/v2\/media\/204255"}],"wp:attachment":[{"href":"https:\/\/www.enteratever.com\/2023\/wp-json\/wp\/v2\/media?parent=204253"}],"wp:term":[{"taxonomy":"category","embeddable":true,"href":"https:\/\/www.enteratever.com\/2023\/wp-json\/wp\/v2\/categories?post=204253"},{"taxonomy":"post_tag","embeddable":true,"href":"https:\/\/www.enteratever.com\/2023\/wp-json\/wp\/v2\/tags?post=204253"}],"curies":[{"name":"wp","href":"https:\/\/api.w.org\/{rel}","templated":true}]}}