{"id":204188,"date":"2024-01-26T12:34:28","date_gmt":"2024-01-26T18:34:28","guid":{"rendered":"https:\/\/www.enteratever.com\/2023\/?p=204188"},"modified":"2024-01-26T12:34:31","modified_gmt":"2024-01-26T18:34:31","slug":"realizan-primera-mesa-de-trabajo-como-apoyo-y-proteccion-a-mujeres-y-ninas-victimas-de-violencia-en-minatitlan","status":"publish","type":"post","link":"https:\/\/www.enteratever.com\/2023\/2024\/01\/26\/realizan-primera-mesa-de-trabajo-como-apoyo-y-proteccion-a-mujeres-y-ninas-victimas-de-violencia-en-minatitlan\/","title":{"rendered":"Realizan primera mesa de trabajo como apoyo y protecci\u00f3n a mujeres y ni\u00f1as v\u00edctimas de violencia en Minatitl\u00e1n"},"content":{"rendered":"<p>Visitas: 1<\/p>\n<p>Minatitl\u00e1n, Ver. \u2013 Durante esta ma\u00f1ana de jueves 25 de enero se llev\u00f3 a cabo en las instalaciones del Instituto Municipal de las Mujeres (IMM) la primera Mesa de Trabajo con el objetivo de fortalecer la red de apoyo, atenci\u00f3n y protecci\u00f3n a mujeres y ni\u00f1as v\u00edctimas de violencia en Minatitl\u00e1n.<\/p>\n\n\n\n<p>En esta importante reuni\u00f3n, participaron diversas instituciones, dependencias y asociaciones civiles que trabajan incansablemente en la prevenci\u00f3n y atenci\u00f3n de la violencia de g\u00e9nero. Entre los participantes se encontraron representantes de hospitales, centros de salud, dependencias del gobierno municipal, asociaciones civiles y \u00e1reas de atenci\u00f3n a la ciudadan\u00eda.<\/p>\n\n\n\n<p>\u201cHoy nos congregamos con un objetivo claro: que cada una de las entidades aqu\u00ed presentes pueda exponer sus funciones y atribuciones, con el fin de establecer una red s\u00f3lida y coordinada que garantice una atenci\u00f3n integral a las mujeres y ni\u00f1as que han sufrido situaciones de violencia\u201d externo la presidenta municipal.<\/p>\n\n\n\n<p>Agreg\u00f3 que con estas estrategias de trabajo, se garantiza una mejor atenci\u00f3n que no revictimice a las usuarias y, sobre todo, facilitar el apoyo y la atenci\u00f3n que requieren.<\/p>\n\n\n\n<p>Por su parte, Deyanira Rosales Alberto, directora del IMM, detall\u00f3 que es necesario la creaci\u00f3n de un directorio institucional a nivel municipal con el fin de establecer una atenci\u00f3n integral a las mujeres y ni\u00f1as que han sufrido situaciones de violencia. Asimismo, se acord\u00f3 coordinar futuras actividades que permitan seguir avanzando en la protecci\u00f3n y empoderamiento de las mujeres en la ciudad, todo esto como parte del programa de la Declaratoria de la Alerta de Violencia de Genero en el municipio.<\/p>\n\n\n\n<p>Durante esta primer actividad estuvo presenta la doctora Vianey del Carmen Cruz Medel, Presidenta Honoraria del Sistema DIF Municipal, as\u00ed como directores y jefes de \u00e1rea del Ayuntamiento.<\/p>\n\n\n\n<p>La participaci\u00f3n activa y comprometida de todas las entidades presentes fue fundamental para el \u00e9xito de esta Mesa de Trabajo. El gobierno de la doctora Medel Palma agradece la colaboraci\u00f3n y disposici\u00f3n para trabajar en conjunto por un objetivo com\u00fan: erradicar la violencia de g\u00e9nero en Minatitl\u00e1n y la regi\u00f3n de Veracruz.<\/p>\n","protected":false},"excerpt":{"rendered":"<p>Visitas: 1 Minatitl\u00e1n, Ver. \u2013 Durante esta ma\u00f1ana de jueves 25 de enero se llev\u00f3 a cabo en las instalaciones del Instituto Municipal de las Mujeres (IMM) la primera Mesa de Trabajo con el objetivo de fortalecer la red de apoyo, atenci\u00f3n y protecci\u00f3n a mujeres y ni\u00f1as v\u00edctimas de violencia en Minatitl\u00e1n. En esta [&hellip;]<\/p>\n","protected":false},"author":2,"featured_media":204191,"comment_status":"open","ping_status":"open","sticky":false,"template":"","format":"standard","meta":{"footnotes":""},"categories":[243,241],"tags":[],"class_list":{"0":"post-204188","1":"post","2":"type-post","3":"status-publish","4":"format-standard","5":"has-post-thumbnail","7":"category-minatitlan","8":"category-zona-sur"},"nelio_content":{"isAutoShareEnabled":true,"autoShareEndMode":"never","automationSources":{"useCustomSentences":false,"customSentences":[]},"followers":[],"suggestedReferences":[],"efiUrl":"","efiAlt":"","highlights":[],"permalinkQueryArgs":[],"series":[]},"_links":{"self":[{"href":"https:\/\/www.enteratever.com\/2023\/wp-json\/wp\/v2\/posts\/204188","targetHints":{"allow":["GET"]}}],"collection":[{"href":"https:\/\/www.enteratever.com\/2023\/wp-json\/wp\/v2\/posts"}],"about":[{"href":"https:\/\/www.enteratever.com\/2023\/wp-json\/wp\/v2\/types\/post"}],"author":[{"embeddable":true,"href":"https:\/\/www.enteratever.com\/2023\/wp-json\/wp\/v2\/users\/2"}],"replies":[{"embeddable":true,"href":"https:\/\/www.enteratever.com\/2023\/wp-json\/wp\/v2\/comments?post=204188"}],"version-history":[{"count":1,"href":"https:\/\/www.enteratever.com\/2023\/wp-json\/wp\/v2\/posts\/204188\/revisions"}],"predecessor-version":[{"id":204193,"href":"https:\/\/www.enteratever.com\/2023\/wp-json\/wp\/v2\/posts\/204188\/revisions\/204193"}],"wp:featuredmedia":[{"embeddable":true,"href":"https:\/\/www.enteratever.com\/2023\/wp-json\/wp\/v2\/media\/204191"}],"wp:attachment":[{"href":"https:\/\/www.enteratever.com\/2023\/wp-json\/wp\/v2\/media?parent=204188"}],"wp:term":[{"taxonomy":"category","embeddable":true,"href":"https:\/\/www.enteratever.com\/2023\/wp-json\/wp\/v2\/categories?post=204188"},{"taxonomy":"post_tag","embeddable":true,"href":"https:\/\/www.enteratever.com\/2023\/wp-json\/wp\/v2\/tags?post=204188"}],"curies":[{"name":"wp","href":"https:\/\/api.w.org\/{rel}","templated":true}]}}