{"id":204155,"date":"2024-01-25T20:26:06","date_gmt":"2024-01-26T02:26:06","guid":{"rendered":"https:\/\/www.enteratever.com\/2023\/?p=204155"},"modified":"2024-01-25T20:26:09","modified_gmt":"2024-01-26T02:26:09","slug":"arranca-pma-segunda-etapa-de-remediacion-del-basurero-municipal-de-veracruz","status":"publish","type":"post","link":"https:\/\/www.enteratever.com\/2023\/2024\/01\/25\/arranca-pma-segunda-etapa-de-remediacion-del-basurero-municipal-de-veracruz\/","title":{"rendered":"Arranca PMA segunda etapa de remediaci\u00f3n del basurero municipal de Veracruz"},"content":{"rendered":"<p>Visitas: 9<\/p>\n<p>Por instrucci\u00f3n del gobernador, Cuitl\u00e1huac Garc\u00eda Jim\u00e9nez, la Procuradur\u00eda Estatal de Protecci\u00f3n al Medio Ambiente (PMA), a cargo de Sergio Rodr\u00edguez Cort\u00e9s, dio inicio a la segunda etapa de remediaci\u00f3n y control de lixiviados en el basurero municipal de Veracruz.<\/p>\n\n\n\n<p>Durante la presentaci\u00f3n de la segunda etapa del proyecto, el titular de la PMA detall\u00f3 que este lugar se abri\u00f3 de manera temporal en 1997, mientras se constru\u00eda un relleno sanitario, sin embargo, este nunca se llev\u00f3 a cabo.<\/p>\n\n\n\n<p>\u201cEs decir de origen se sab\u00eda que este lugar no era apto para que aqu\u00ed se acumularan los residuos\u201d, apunt\u00f3.<\/p>\n\n\n\n<p>En dicho basurero se depositaban m\u00e1s de 800 toneladas de desechos diariamente. Es decir, aproximadamente 2.6 millones de metros c\u00fabicos de basura.<\/p>\n\n\n\n<p>El procurador explic\u00f3 que, debido a esto, los desechos al aire libre generaron gases y escurrimiento de lixiviados causando, por 21 a\u00f1os, un grave impacto ambiental.<\/p>\n\n\n\n<p>Fue hasta el 2019, que bajo la administraci\u00f3n estatal del gobernador Cuitl\u00e1huac Garc\u00eda Jim\u00e9nez, la PMA realiz\u00f3 la clausura del lugar e inici\u00f3 el proyecto de remediaci\u00f3n y control de lixiviados como parte del Plan de Gesti\u00f3n Estatal de Residuos, con el fin de hacer justicia ambiental al entorno veracruzano y a la salud p\u00fablica.<\/p>\n\n\n\n<p>El procurador ambiental detall\u00f3 que el objetivo del proyecto es que dicho terreno se convierta en un espacio de esparcimiento con \u00e1reas verdes para las familias veracruzanas.<\/p>\n\n\n\n<p>\u201cLo que se pretende en esta segunda etapa es conformar los taludes, hacer un camino de m\u00e1s de 20 kil\u00f3metros que le dar\u00e1 vuelta a esta basura hasta llegar a la parte m\u00e1s alta, la idea es hacer una monta\u00f1a con esta basura, cubrirla con geomembrana, reforestarla y colocarle sus salidas de biog\u00e1s para controlar la emisi\u00f3n de gases (\u2026) En la parte m\u00e1s alta, la idea es tener ah\u00ed un mirador, crear un pasillo ambiental para que cuando la gente quiera pueda venir a caminar, a andar en bicicleta, ese es el proyecto que hoy inicia en su segunda etapa\u201d, detall\u00f3 Rodr\u00edguez Cort\u00e9s.<\/p>\n\n\n\n<p>Finalmente record\u00f3 que la inversi\u00f3n total para este proyecto es de 61 millones 371 mil 160 pesos y agradeci\u00f3 a la Administraci\u00f3n del Sistema Portuario Nacional de Veracruz (Asipona) por la donaci\u00f3n de una parte del terreno para poder llevar a cabo el proyecto.<\/p>\n\n\n\n<p>\u201cPara poder lograr esa justicia ambiental, afortunadamente, le agradezco p\u00fablicamente al responsable de la Asipona, al administrador de este lugar, que nos donaron una parte de este terreno, la otra parte fue el municipio y con ello pudimos lograr las condiciones administrativas y jur\u00eddicas para realizar esta inversi\u00f3n el d\u00eda de hoy\u201d, indic\u00f3.<\/p>\n\n\n\n<p>En el arranque de la segunda etapa de remediaci\u00f3n y control de lixiviados del basurero municipal de Veracruz estuvieron presentes los s\u00edndicos de los ayuntamientos de Veracruz y Boca del Rio, el Lic. Manuel Rivera Polanco y la Lic. Susana Tiburcio Galicia, en representaci\u00f3n de los alcaldes Patricia Lobeira Rodr\u00edguez y. Juan Manuel de Unanue Abascal, respectivamente; adem\u00e1s de la regidora d\u00e9cimo segunda de Veracruz, Lissethe Mart\u00ednez Echeverr\u00eda y los regidores de Boca del R\u00edo, Francisco Luis Moreno Quiroga y Gerardo Rosete Gonz\u00e1lez.<\/p>\n\n\n\n<p>Con proyectos como este, la PMA reitera su compromiso con los veracruzanos de proteger lo que es de todos: el medio ambiente.<\/p>\n","protected":false},"excerpt":{"rendered":"<p>Visitas: 9 Por instrucci\u00f3n del gobernador, Cuitl\u00e1huac Garc\u00eda Jim\u00e9nez, la Procuradur\u00eda Estatal de Protecci\u00f3n al Medio Ambiente (PMA), a cargo de Sergio Rodr\u00edguez Cort\u00e9s, dio inicio a la segunda etapa de remediaci\u00f3n y control de lixiviados en el basurero municipal de Veracruz. Durante la presentaci\u00f3n de la segunda etapa del proyecto, el titular de la [&hellip;]<\/p>\n","protected":false},"author":2,"featured_media":204156,"comment_status":"open","ping_status":"open","sticky":false,"template":"","format":"standard","meta":{"footnotes":""},"categories":[238,236],"tags":[],"class_list":{"0":"post-204155","1":"post","2":"type-post","3":"status-publish","4":"format-standard","5":"has-post-thumbnail","7":"category-veracruz","8":"category-zona-centro"},"nelio_content":{"isAutoShareEnabled":true,"autoShareEndMode":"never","automationSources":{"useCustomSentences":false,"customSentences":[]},"followers":[],"suggestedReferences":[],"efiUrl":"","efiAlt":"","highlights":[],"permalinkQueryArgs":[],"series":[]},"_links":{"self":[{"href":"https:\/\/www.enteratever.com\/2023\/wp-json\/wp\/v2\/posts\/204155","targetHints":{"allow":["GET"]}}],"collection":[{"href":"https:\/\/www.enteratever.com\/2023\/wp-json\/wp\/v2\/posts"}],"about":[{"href":"https:\/\/www.enteratever.com\/2023\/wp-json\/wp\/v2\/types\/post"}],"author":[{"embeddable":true,"href":"https:\/\/www.enteratever.com\/2023\/wp-json\/wp\/v2\/users\/2"}],"replies":[{"embeddable":true,"href":"https:\/\/www.enteratever.com\/2023\/wp-json\/wp\/v2\/comments?post=204155"}],"version-history":[{"count":1,"href":"https:\/\/www.enteratever.com\/2023\/wp-json\/wp\/v2\/posts\/204155\/revisions"}],"predecessor-version":[{"id":204157,"href":"https:\/\/www.enteratever.com\/2023\/wp-json\/wp\/v2\/posts\/204155\/revisions\/204157"}],"wp:featuredmedia":[{"embeddable":true,"href":"https:\/\/www.enteratever.com\/2023\/wp-json\/wp\/v2\/media\/204156"}],"wp:attachment":[{"href":"https:\/\/www.enteratever.com\/2023\/wp-json\/wp\/v2\/media?parent=204155"}],"wp:term":[{"taxonomy":"category","embeddable":true,"href":"https:\/\/www.enteratever.com\/2023\/wp-json\/wp\/v2\/categories?post=204155"},{"taxonomy":"post_tag","embeddable":true,"href":"https:\/\/www.enteratever.com\/2023\/wp-json\/wp\/v2\/tags?post=204155"}],"curies":[{"name":"wp","href":"https:\/\/api.w.org\/{rel}","templated":true}]}}