{"id":204098,"date":"2024-01-25T10:58:45","date_gmt":"2024-01-25T16:58:45","guid":{"rendered":"https:\/\/www.enteratever.com\/2023\/?p=204098"},"modified":"2024-01-25T10:58:48","modified_gmt":"2024-01-25T16:58:48","slug":"se-avanza-en-el-mejoramiento-de-alumbrado-de-minatitlan","status":"publish","type":"post","link":"https:\/\/www.enteratever.com\/2023\/2024\/01\/25\/se-avanza-en-el-mejoramiento-de-alumbrado-de-minatitlan\/","title":{"rendered":"Se avanza en el mejoramiento de alumbrado de #Minatitl\u00e1n"},"content":{"rendered":"<p>Visitas: 0<\/p>\n<p>Minatitl\u00e1n, Ver .-En respuesta a las peticiones de la ciudadan\u00eda, la Direcci\u00f3n de Alumbrado P\u00fablico bajo las indicaciones de la presidenta municipal Dra. Carmen Medel Palma, contin\u00faan con los trabajos de reparaci\u00f3n de luminarias en diversos puntos de la ciudad.<\/p>\n\n\n\n<p>De acuerdo al director del \u00e1rea, Abel Hoyos Morales, en lo que va de la semana personal del \u00e1rea ha realizado la reparaci\u00f3n de luminarias en las colonias Praderas del Jag\u00fcey, Santa Clara, Cuauht\u00e9moc, Nueva Mina, Gravera, Obrera, Insurgentes Norte, Ni\u00f1os H\u00e9roes, entre otras.<\/p>\n\n\n\n<p>Con estas acciones se sigue construyendo una ciudad m\u00e1s segura y bien iluminada, donde la colaboraci\u00f3n entre la administraci\u00f3n municipal y la comunidad fortalece la calidad de vida para todos.<\/p>\n","protected":false},"excerpt":{"rendered":"<p>Visitas: 0 Minatitl\u00e1n, Ver .-En respuesta a las peticiones de la ciudadan\u00eda, la Direcci\u00f3n de Alumbrado P\u00fablico bajo las indicaciones de la presidenta municipal Dra. Carmen Medel Palma, contin\u00faan con los trabajos de reparaci\u00f3n de luminarias en diversos puntos de la ciudad. De acuerdo al director del \u00e1rea, Abel Hoyos Morales, en lo que va [&hellip;]<\/p>\n","protected":false},"author":2,"featured_media":204100,"comment_status":"open","ping_status":"open","sticky":false,"template":"","format":"standard","meta":{"footnotes":""},"categories":[243,241],"tags":[],"class_list":{"0":"post-204098","1":"post","2":"type-post","3":"status-publish","4":"format-standard","5":"has-post-thumbnail","7":"category-minatitlan","8":"category-zona-sur"},"nelio_content":{"isAutoShareEnabled":true,"autoShareEndMode":"never","automationSources":{"useCustomSentences":false,"customSentences":[]},"followers":[],"suggestedReferences":[],"efiUrl":"","efiAlt":"","highlights":[],"permalinkQueryArgs":[],"series":[]},"_links":{"self":[{"href":"https:\/\/www.enteratever.com\/2023\/wp-json\/wp\/v2\/posts\/204098","targetHints":{"allow":["GET"]}}],"collection":[{"href":"https:\/\/www.enteratever.com\/2023\/wp-json\/wp\/v2\/posts"}],"about":[{"href":"https:\/\/www.enteratever.com\/2023\/wp-json\/wp\/v2\/types\/post"}],"author":[{"embeddable":true,"href":"https:\/\/www.enteratever.com\/2023\/wp-json\/wp\/v2\/users\/2"}],"replies":[{"embeddable":true,"href":"https:\/\/www.enteratever.com\/2023\/wp-json\/wp\/v2\/comments?post=204098"}],"version-history":[{"count":1,"href":"https:\/\/www.enteratever.com\/2023\/wp-json\/wp\/v2\/posts\/204098\/revisions"}],"predecessor-version":[{"id":204099,"href":"https:\/\/www.enteratever.com\/2023\/wp-json\/wp\/v2\/posts\/204098\/revisions\/204099"}],"wp:featuredmedia":[{"embeddable":true,"href":"https:\/\/www.enteratever.com\/2023\/wp-json\/wp\/v2\/media\/204100"}],"wp:attachment":[{"href":"https:\/\/www.enteratever.com\/2023\/wp-json\/wp\/v2\/media?parent=204098"}],"wp:term":[{"taxonomy":"category","embeddable":true,"href":"https:\/\/www.enteratever.com\/2023\/wp-json\/wp\/v2\/categories?post=204098"},{"taxonomy":"post_tag","embeddable":true,"href":"https:\/\/www.enteratever.com\/2023\/wp-json\/wp\/v2\/tags?post=204098"}],"curies":[{"name":"wp","href":"https:\/\/api.w.org\/{rel}","templated":true}]}}