{"id":203944,"date":"2024-01-23T10:37:04","date_gmt":"2024-01-23T16:37:04","guid":{"rendered":"https:\/\/www.enteratever.com\/2023\/?p=203944"},"modified":"2024-01-23T10:37:07","modified_gmt":"2024-01-23T16:37:07","slug":"salud-municipal-pide-reforzar-medidas-preventivas-ante-casos-de-covid-19-en-veracruz","status":"publish","type":"post","link":"https:\/\/www.enteratever.com\/2023\/2024\/01\/23\/salud-municipal-pide-reforzar-medidas-preventivas-ante-casos-de-covid-19-en-veracruz\/","title":{"rendered":"Salud Municipal pide reforzar medidas preventivas ante casos de COVID-19 en Veracruz"},"content":{"rendered":"<p>Visitas: 8<\/p>\n<p>Minatitl\u00e1n, Ver. &#8211; Ante el aumento de casos de COVID-19 a nivel nacional, el doctor Salvador S\u00e1nchez D\u00edaz, jefe de salud municipal en Minatitl\u00e1n, hace un llamado a la ciudadan\u00eda para retomar las medidas preventivas y de higiene con el fin de evitar un incremento en los casos de COVID-19 en la regi\u00f3n.<\/p>\n\n\n\n<p>El doctor S\u00e1nchez D\u00edaz enfatiza la importancia del uso del cubrebocas en lugares p\u00fablicos cerrados, as\u00ed como la necesidad de mantener las medidas de higiene como el lavado frecuente de manos, el uso de gel antibacterial y el lavado adecuado de alimentos. Estas acciones son fundamentales para prevenir la propagaci\u00f3n del virus y proteger la salud de todos los habitantes.<\/p>\n\n\n\n<p>En una entrevista reciente se\u00f1al\u00f3 que es crucial reforzar las medidas de higiene, especialmente debido a los cambios bruscos de temperatura que han contribuido al aumento de casos positivos en Veracruz. Seg\u00fan el reporte emitido por la Secretar\u00eda de Salud, se han registrado 5 casos positivos, 232 casos de Influenza e Infecciones Respiratorias Agudas Graves en todo el estado.<\/p>\n\n\n\n<p>Asimismo, resalt\u00f3 la importancia del cumplimiento del esquema de vacunaci\u00f3n, recordando que las vacunas est\u00e1n disponibles de manera gratuita en los centros de salud locales.<\/p>\n\n\n\n<p>Estas acciones forman parte del compromiso del gobierno municipal, con la ciudadan\u00eda para mantenerlos informados sobre las medidas preventivas y promover h\u00e1bitos saludables. Se exhorta a la poblaci\u00f3n a mantenerse informada a trav\u00e9s de fuentes oficiales para evitar generar p\u00e1nico innecesario.<\/p>\n\n\n\n<p>Para m\u00e1s informaci\u00f3n sobre las medidas preventivas y actualizaciones sobre la situaci\u00f3n sanitaria en Minatitl\u00e1n, se recomienda estar atentos a los comunicados oficiales emitidos por las autoridades competentes.<\/p>\n","protected":false},"excerpt":{"rendered":"<p>Visitas: 8 Minatitl\u00e1n, Ver. &#8211; Ante el aumento de casos de COVID-19 a nivel nacional, el doctor Salvador S\u00e1nchez D\u00edaz, jefe de salud municipal en Minatitl\u00e1n, hace un llamado a la ciudadan\u00eda para retomar las medidas preventivas y de higiene con el fin de evitar un incremento en los casos de COVID-19 en la regi\u00f3n. [&hellip;]<\/p>\n","protected":false},"author":2,"featured_media":203946,"comment_status":"open","ping_status":"open","sticky":false,"template":"","format":"standard","meta":{"footnotes":""},"categories":[243,241],"tags":[],"class_list":{"0":"post-203944","1":"post","2":"type-post","3":"status-publish","4":"format-standard","5":"has-post-thumbnail","7":"category-minatitlan","8":"category-zona-sur"},"nelio_content":{"isAutoShareEnabled":true,"autoShareEndMode":"never","automationSources":{"useCustomSentences":false,"customSentences":[]},"followers":[],"suggestedReferences":[],"efiUrl":"","efiAlt":"","highlights":[],"permalinkQueryArgs":[],"series":[]},"_links":{"self":[{"href":"https:\/\/www.enteratever.com\/2023\/wp-json\/wp\/v2\/posts\/203944","targetHints":{"allow":["GET"]}}],"collection":[{"href":"https:\/\/www.enteratever.com\/2023\/wp-json\/wp\/v2\/posts"}],"about":[{"href":"https:\/\/www.enteratever.com\/2023\/wp-json\/wp\/v2\/types\/post"}],"author":[{"embeddable":true,"href":"https:\/\/www.enteratever.com\/2023\/wp-json\/wp\/v2\/users\/2"}],"replies":[{"embeddable":true,"href":"https:\/\/www.enteratever.com\/2023\/wp-json\/wp\/v2\/comments?post=203944"}],"version-history":[{"count":1,"href":"https:\/\/www.enteratever.com\/2023\/wp-json\/wp\/v2\/posts\/203944\/revisions"}],"predecessor-version":[{"id":203948,"href":"https:\/\/www.enteratever.com\/2023\/wp-json\/wp\/v2\/posts\/203944\/revisions\/203948"}],"wp:featuredmedia":[{"embeddable":true,"href":"https:\/\/www.enteratever.com\/2023\/wp-json\/wp\/v2\/media\/203946"}],"wp:attachment":[{"href":"https:\/\/www.enteratever.com\/2023\/wp-json\/wp\/v2\/media?parent=203944"}],"wp:term":[{"taxonomy":"category","embeddable":true,"href":"https:\/\/www.enteratever.com\/2023\/wp-json\/wp\/v2\/categories?post=203944"},{"taxonomy":"post_tag","embeddable":true,"href":"https:\/\/www.enteratever.com\/2023\/wp-json\/wp\/v2\/tags?post=203944"}],"curies":[{"name":"wp","href":"https:\/\/api.w.org\/{rel}","templated":true}]}}