{"id":203888,"date":"2024-01-22T12:54:57","date_gmt":"2024-01-22T18:54:57","guid":{"rendered":"https:\/\/www.enteratever.com\/2023\/?p=203888"},"modified":"2024-01-22T12:55:00","modified_gmt":"2024-01-22T18:55:00","slug":"este-ano-no-va-a-haber-aumento-en-el-precio-de-la-harina-de-maiz-amlo","status":"publish","type":"post","link":"https:\/\/www.enteratever.com\/2023\/2024\/01\/22\/este-ano-no-va-a-haber-aumento-en-el-precio-de-la-harina-de-maiz-amlo\/","title":{"rendered":"Este a\u00f1o no va a haber aumento en el precio de la harina de ma\u00edz: AMLO"},"content":{"rendered":"<p>Visitas: 0<\/p>\n<p>El presidente&nbsp;Andr\u00e9s Manuel L\u00f3pez Obrador&nbsp;inform\u00f3 que este a\u00f1o no va a haber incremento en el precio de la&nbsp;harina de ma\u00edz.<\/p>\n\n\n\n<p>\u201cEl jueves, personalmente, el due\u00f1o, presidente del consejo de administraci\u00f3n de la empresa&nbsp;Maseca, que es la principal distribuidora de harina de ma\u00edz para las tortillas, me dio a conocer, me inform\u00f3 que este a\u00f1o no va a haber aumento del precio de la harina de ma\u00edz.<\/p>\n\n\n\n<p>\u201cEso es una buena noticia. Y agradecerles a Francisco Gonz\u00e1lez, de Maseca, por esta actitud solidaria y a todos los que nos est\u00e1n ayudando, porque debemos de mantener baja la inflaci\u00f3n\u201d, dijo en conferencia de prensa ma\u00f1anera.<\/p>\n\n\n\n<p>\u201cEstamos logrando acabar con el mito de tres d\u00e9cadas, seg\u00fan el cual si se aumentaba el salario, aumentaba la inflaci\u00f3n, luego entonces no hab\u00eda que aumentar el salario\u201d, a\u00f1adi\u00f3.<\/p>\n\n\n\n<p>XEU<\/p>\n","protected":false},"excerpt":{"rendered":"<p>Visitas: 0 El presidente&nbsp;Andr\u00e9s Manuel L\u00f3pez Obrador&nbsp;inform\u00f3 que este a\u00f1o no va a haber incremento en el precio de la&nbsp;harina de ma\u00edz. \u201cEl jueves, personalmente, el due\u00f1o, presidente del consejo de administraci\u00f3n de la empresa&nbsp;Maseca, que es la principal distribuidora de harina de ma\u00edz para las tortillas, me dio a conocer, me inform\u00f3 que este [&hellip;]<\/p>\n","protected":false},"author":2,"featured_media":173176,"comment_status":"open","ping_status":"open","sticky":false,"template":"","format":"standard","meta":{"footnotes":""},"categories":[252],"tags":[41],"class_list":{"0":"post-203888","1":"post","2":"type-post","3":"status-publish","4":"format-standard","5":"has-post-thumbnail","7":"category-nacionales","8":"tag-portada"},"nelio_content":{"isAutoShareEnabled":true,"autoShareEndMode":"never","automationSources":{"useCustomSentences":false,"customSentences":[]},"followers":[],"suggestedReferences":[],"efiUrl":"","efiAlt":"","highlights":[],"permalinkQueryArgs":[],"series":[]},"_links":{"self":[{"href":"https:\/\/www.enteratever.com\/2023\/wp-json\/wp\/v2\/posts\/203888","targetHints":{"allow":["GET"]}}],"collection":[{"href":"https:\/\/www.enteratever.com\/2023\/wp-json\/wp\/v2\/posts"}],"about":[{"href":"https:\/\/www.enteratever.com\/2023\/wp-json\/wp\/v2\/types\/post"}],"author":[{"embeddable":true,"href":"https:\/\/www.enteratever.com\/2023\/wp-json\/wp\/v2\/users\/2"}],"replies":[{"embeddable":true,"href":"https:\/\/www.enteratever.com\/2023\/wp-json\/wp\/v2\/comments?post=203888"}],"version-history":[{"count":1,"href":"https:\/\/www.enteratever.com\/2023\/wp-json\/wp\/v2\/posts\/203888\/revisions"}],"predecessor-version":[{"id":203889,"href":"https:\/\/www.enteratever.com\/2023\/wp-json\/wp\/v2\/posts\/203888\/revisions\/203889"}],"wp:featuredmedia":[{"embeddable":true,"href":"https:\/\/www.enteratever.com\/2023\/wp-json\/wp\/v2\/media\/173176"}],"wp:attachment":[{"href":"https:\/\/www.enteratever.com\/2023\/wp-json\/wp\/v2\/media?parent=203888"}],"wp:term":[{"taxonomy":"category","embeddable":true,"href":"https:\/\/www.enteratever.com\/2023\/wp-json\/wp\/v2\/categories?post=203888"},{"taxonomy":"post_tag","embeddable":true,"href":"https:\/\/www.enteratever.com\/2023\/wp-json\/wp\/v2\/tags?post=203888"}],"curies":[{"name":"wp","href":"https:\/\/api.w.org\/{rel}","templated":true}]}}