{"id":203887,"date":"2024-01-22T12:55:31","date_gmt":"2024-01-22T18:55:31","guid":{"rendered":"https:\/\/www.enteratever.com\/2023\/?p=203887"},"modified":"2024-01-22T12:55:33","modified_gmt":"2024-01-22T18:55:33","slug":"juez-ordena-al-senado-nombrar-a-2-comisionados-del-inai","status":"publish","type":"post","link":"https:\/\/www.enteratever.com\/2023\/2024\/01\/22\/juez-ordena-al-senado-nombrar-a-2-comisionados-del-inai\/","title":{"rendered":"Juez ordena al Senado nombrar a 2 comisionados del INAI"},"content":{"rendered":"<p>Visitas: 0<\/p>\n<p>Una juez en materia administrativa de la Ciudad de M\u00e9xico orden\u00f3 al Senado el nombramiento de dos comisionados del Instituto Nacional de Transparencia, Acceso a la Informaci\u00f3n y Protecci\u00f3n de Datos Personales (INAI).<\/p>\n\n\n\n<p>Fue la jueza Celina Ang\u00e9lica Quintero Rico quien consider\u00f3 en su sentencia que la falta de funcionalidad del INAI afecta los derechos humanos e impide a la ciudadan\u00eda el derecho a la informaci\u00f3n.<\/p>\n\n\n\n<p>Precis\u00f3 que el Senado deber\u00e1 votar y designar a las personas en las vacantes de comisionada o comisionado en el pleno del INAI, y exige sesionar de forma extraordinaria.<\/p>\n\n\n\n<p>Cabe destacar que el juicio de amparo fue promovido por el Consejo Consultivo del INAI, en colaboraci\u00f3n con el Consejo Nacional de Litigio Estrat\u00e9gico.<\/p>\n\n\n\n<p>Asimismo, el INAI record\u00f3 que el Senado intent\u00f3 m\u00faltiples recursos para retrasar el proceso y no cumplir con diversos requerimientos, que le obligaron a convocar al pleno de esa C\u00e1mara y votar de forma fallida propuestas para ocupar las vacantes de comisionadas.<\/p>\n\n\n\n<p>XEU<\/p>\n","protected":false},"excerpt":{"rendered":"<p>Visitas: 0 Una juez en materia administrativa de la Ciudad de M\u00e9xico orden\u00f3 al Senado el nombramiento de dos comisionados del Instituto Nacional de Transparencia, Acceso a la Informaci\u00f3n y Protecci\u00f3n de Datos Personales (INAI). Fue la jueza Celina Ang\u00e9lica Quintero Rico quien consider\u00f3 en su sentencia que la falta de funcionalidad del INAI afecta [&hellip;]<\/p>\n","protected":false},"author":2,"featured_media":194923,"comment_status":"open","ping_status":"open","sticky":false,"template":"","format":"standard","meta":{"footnotes":""},"categories":[252],"tags":[],"class_list":{"0":"post-203887","1":"post","2":"type-post","3":"status-publish","4":"format-standard","5":"has-post-thumbnail","7":"category-nacionales"},"nelio_content":{"isAutoShareEnabled":true,"autoShareEndMode":"never","automationSources":{"useCustomSentences":false,"customSentences":[]},"followers":[],"suggestedReferences":[],"efiUrl":"","efiAlt":"","highlights":[],"permalinkQueryArgs":[],"series":[]},"_links":{"self":[{"href":"https:\/\/www.enteratever.com\/2023\/wp-json\/wp\/v2\/posts\/203887","targetHints":{"allow":["GET"]}}],"collection":[{"href":"https:\/\/www.enteratever.com\/2023\/wp-json\/wp\/v2\/posts"}],"about":[{"href":"https:\/\/www.enteratever.com\/2023\/wp-json\/wp\/v2\/types\/post"}],"author":[{"embeddable":true,"href":"https:\/\/www.enteratever.com\/2023\/wp-json\/wp\/v2\/users\/2"}],"replies":[{"embeddable":true,"href":"https:\/\/www.enteratever.com\/2023\/wp-json\/wp\/v2\/comments?post=203887"}],"version-history":[{"count":1,"href":"https:\/\/www.enteratever.com\/2023\/wp-json\/wp\/v2\/posts\/203887\/revisions"}],"predecessor-version":[{"id":203890,"href":"https:\/\/www.enteratever.com\/2023\/wp-json\/wp\/v2\/posts\/203887\/revisions\/203890"}],"wp:featuredmedia":[{"embeddable":true,"href":"https:\/\/www.enteratever.com\/2023\/wp-json\/wp\/v2\/media\/194923"}],"wp:attachment":[{"href":"https:\/\/www.enteratever.com\/2023\/wp-json\/wp\/v2\/media?parent=203887"}],"wp:term":[{"taxonomy":"category","embeddable":true,"href":"https:\/\/www.enteratever.com\/2023\/wp-json\/wp\/v2\/categories?post=203887"},{"taxonomy":"post_tag","embeddable":true,"href":"https:\/\/www.enteratever.com\/2023\/wp-json\/wp\/v2\/tags?post=203887"}],"curies":[{"name":"wp","href":"https:\/\/api.w.org\/{rel}","templated":true}]}}