{"id":203879,"date":"2024-01-22T10:09:54","date_gmt":"2024-01-22T16:09:54","guid":{"rendered":"https:\/\/www.enteratever.com\/2023\/?p=203879"},"modified":"2024-01-22T10:09:56","modified_gmt":"2024-01-22T16:09:56","slug":"la-enah-se-despide-de-su-gran-maestro-el-linguista-y-filosofo-raymundo-mier-garza","status":"publish","type":"post","link":"https:\/\/www.enteratever.com\/2023\/2024\/01\/22\/la-enah-se-despide-de-su-gran-maestro-el-linguista-y-filosofo-raymundo-mier-garza\/","title":{"rendered":"La ENAH se despide de su gran maestro, el ling\u00fcista y fil\u00f3sofo Raymundo Mier Garza"},"content":{"rendered":"<p>Visitas: 1<\/p>\n<p>La Secretar\u00eda de Cultura del Gobierno de M\u00e9xico y el Instituto Nacional de Antropolog\u00eda e Historia (INAH) lamentan el fallecimiento del ling\u00fcista y fil\u00f3sofo Raymundo Mier Garza (1953-2024), quien durante su trayectoria acad\u00e9mica mostr\u00f3 un profundo compromiso con la formaci\u00f3n de nuevas generaciones, tanto en la Escuela Nacional de Antropolog\u00eda e Historia (ENAH) como en la Universidad Aut\u00f3noma Metropolitana (UAM), convencido de que estas disciplinas son, \u201cquiz\u00e1s, el \u00fanico recurso para la imaginaci\u00f3n radical\u201d.<\/p>\n\n\n\n<p>Como dejaron escrito las maestras Anabella Barrag\u00e1n Sol\u00eds y Mar\u00eda del Carmen Lerma G\u00f3mez en la dedicatoria de sus&nbsp;<em>Apuntes biogr\u00e1ficos para Teor\u00eda Antropol\u00f3gica<\/em>, las c\u00e1tedras del doctor Mier flu\u00edan entre relatos, \u201cque se antojan m\u00edticos, de aquellos que han forjado la antropolog\u00eda\u201d.&nbsp;<\/p>\n\n\n\n<p>Raymundo de Guadalupe Mier Garza naci\u00f3 en Apatzing\u00e1n, Michoac\u00e1n. Curs\u00f3 la licenciatura en Ling\u00fc\u00edstica en la ENAH y se doctor\u00f3 en Filosof\u00eda en la Universidad de Londres. En su alma mater imparti\u00f3 durante a\u00f1os las asignaturas de Teor\u00eda Antropol\u00f3gica y de Filosof\u00eda del Lenguaje, y form\u00f3 parte del grupo de investigadores responsables de la L\u00ednea de Semi\u00f3tica y Hermen\u00e9utica en los doctorados de Antropolog\u00eda y de Ciencias del Lenguaje.&nbsp;<\/p>\n\n\n\n<p>Asimismo, fue profesor en las l\u00edneas de Comunicaci\u00f3n Pol\u00edtica, y de Psicolog\u00eda de Grupos e Instituciones, en el doctorado y maestr\u00eda de la UAM-Xochimilco, y miembro del Sistema Nacional de Investigadores. Adem\u00e1s, fue profesor invitado en varias universidades de M\u00e9xico y Latinoam\u00e9rica.<\/p>\n\n\n\n<p>Como recuerdan Barrag\u00e1n Sol\u00eds y Lerma G\u00f3mez en la semblanza que trazan del maestro Raymundo Mier, \u00e9l era un estudioso del orden ritual y est\u00e9tico, un autor interesado tanto en la producci\u00f3n ling\u00fc\u00edstica y de la antropolog\u00eda, como del universo \u00e9tico y pol\u00edtico del acto antropol\u00f3gico.&nbsp;<\/p>\n\n\n\n<p>Realiz\u00f3 una cr\u00edtica reflexiva de las corrientes te\u00f3ricas de la antropolog\u00eda, a la vez que elabor\u00f3 una discusi\u00f3n en torno a los puntos conflictivos, las tensiones y las confrontaciones cr\u00edticas entre el psicoan\u00e1lisis y la antropolog\u00eda, enfocando su inter\u00e9s en las transformaciones de la teor\u00eda antropol\u00f3gica, motivadas por las propuestas del psicoan\u00e1lisis.&nbsp;<\/p>\n\n\n\n<p>Sus temas de investigaci\u00f3n y producci\u00f3n bibliogr\u00e1fica exploran la relaci\u00f3n de los j\u00f3venes con los medios de comunicaci\u00f3n televisivos y el \u00e1mbito de la identidad. Trabaj\u00f3 la teorizaci\u00f3n del an\u00e1lisis de textos, la semi\u00f3tica y la hermen\u00e9utica, aplicada a la producci\u00f3n de algunos autores del campo literario, como Ram\u00f3n L\u00f3pez Velarde y Virginia Woolf.<\/p>\n\n\n\n<p>En el \u00e1rea etnogr\u00e1fica incursion\u00f3 con trabajo de campo en Malinalco, Estado de M\u00e9xico; mientras que su tesis de doctorado gir\u00f3 en torno al dolor de la p\u00e9rdida y el duelo, consider\u00e1ndole \u201cel dolor de lo indecible\u201d, el cual siempre aparece en una condici\u00f3n lim\u00edtrofe.&nbsp;<\/p>\n\n\n\n<p>Entre los autores que conformaron su marco conceptual y de reflexi\u00f3n se encuentran Kant, Wittgenstein, Turner, Marcel Mauss, Freud, Dilthey, Gadamer y Peirce, entre otros.<\/p>\n\n\n\n<p>Las autoras de&nbsp;<em>Apuntes biogr\u00e1ficos para Teor\u00eda Antropol\u00f3gica<\/em>&nbsp;abundan que, en los escritos, pero tambi\u00e9n en las clases y ponencias de Raymundo Mier Garza, \u201cse encuentra reiteradamente la reflexi\u00f3n en torno a la producci\u00f3n y el quehacer antropol\u00f3gico, haciendo una cr\u00edtica incisiva al contexto social, acad\u00e9mico, pol\u00edtico y econ\u00f3mico en el que se desarrollan las disciplinas antropol\u00f3gicas en nuestro pa\u00eds\u201d.&nbsp;<\/p>\n\n\n\n<p>Consideraba que \u201cla antropolog\u00eda y la historia son, \u2018quiz\u00e1s, hoy el \u00fanico recurso para la imaginaci\u00f3n radical\u201d, pero este tiempo -subrayaba- \u201ces del dominio de las m\u00e1s est\u00e9riles burocracia de la gesti\u00f3n del tiempo, de la invenci\u00f3n y administraci\u00f3n de una urgencia que se precipita en el instante, en la competencia\u201d.<\/p>\n\n\n\n<p><strong>&#8212;oo0oo&#8212;<\/strong><\/p>\n","protected":false},"excerpt":{"rendered":"<p>Visitas: 1 La Secretar\u00eda de Cultura del Gobierno de M\u00e9xico y el Instituto Nacional de Antropolog\u00eda e Historia (INAH) lamentan el fallecimiento del ling\u00fcista y fil\u00f3sofo Raymundo Mier Garza (1953-2024), quien durante su trayectoria acad\u00e9mica mostr\u00f3 un profundo compromiso con la formaci\u00f3n de nuevas generaciones, tanto en la Escuela Nacional de Antropolog\u00eda e Historia (ENAH) [&hellip;]<\/p>\n","protected":false},"author":2,"featured_media":203882,"comment_status":"open","ping_status":"open","sticky":false,"template":"","format":"standard","meta":{"footnotes":""},"categories":[252],"tags":[],"class_list":{"0":"post-203879","1":"post","2":"type-post","3":"status-publish","4":"format-standard","5":"has-post-thumbnail","7":"category-nacionales"},"nelio_content":{"isAutoShareEnabled":true,"autoShareEndMode":"never","automationSources":{"useCustomSentences":false,"customSentences":[]},"followers":[],"suggestedReferences":[],"efiUrl":"","efiAlt":"","highlights":[],"permalinkQueryArgs":[],"series":[]},"_links":{"self":[{"href":"https:\/\/www.enteratever.com\/2023\/wp-json\/wp\/v2\/posts\/203879","targetHints":{"allow":["GET"]}}],"collection":[{"href":"https:\/\/www.enteratever.com\/2023\/wp-json\/wp\/v2\/posts"}],"about":[{"href":"https:\/\/www.enteratever.com\/2023\/wp-json\/wp\/v2\/types\/post"}],"author":[{"embeddable":true,"href":"https:\/\/www.enteratever.com\/2023\/wp-json\/wp\/v2\/users\/2"}],"replies":[{"embeddable":true,"href":"https:\/\/www.enteratever.com\/2023\/wp-json\/wp\/v2\/comments?post=203879"}],"version-history":[{"count":1,"href":"https:\/\/www.enteratever.com\/2023\/wp-json\/wp\/v2\/posts\/203879\/revisions"}],"predecessor-version":[{"id":203883,"href":"https:\/\/www.enteratever.com\/2023\/wp-json\/wp\/v2\/posts\/203879\/revisions\/203883"}],"wp:featuredmedia":[{"embeddable":true,"href":"https:\/\/www.enteratever.com\/2023\/wp-json\/wp\/v2\/media\/203882"}],"wp:attachment":[{"href":"https:\/\/www.enteratever.com\/2023\/wp-json\/wp\/v2\/media?parent=203879"}],"wp:term":[{"taxonomy":"category","embeddable":true,"href":"https:\/\/www.enteratever.com\/2023\/wp-json\/wp\/v2\/categories?post=203879"},{"taxonomy":"post_tag","embeddable":true,"href":"https:\/\/www.enteratever.com\/2023\/wp-json\/wp\/v2\/tags?post=203879"}],"curies":[{"name":"wp","href":"https:\/\/api.w.org\/{rel}","templated":true}]}}