{"id":203863,"date":"2024-01-22T09:39:30","date_gmt":"2024-01-22T15:39:30","guid":{"rendered":"https:\/\/www.enteratever.com\/2023\/?p=203863"},"modified":"2024-01-22T09:39:32","modified_gmt":"2024-01-22T15:39:32","slug":"gobierno-de-carmen-medel-impulsa-el-taller-de-colorimetria-basica-para-la-comunidad-en-general","status":"publish","type":"post","link":"https:\/\/www.enteratever.com\/2023\/2024\/01\/22\/gobierno-de-carmen-medel-impulsa-el-taller-de-colorimetria-basica-para-la-comunidad-en-general\/","title":{"rendered":"Gobierno de Carmen Medel impulsa el taller de colorimetr\u00eda b\u00e1sica para la comunidad en general"},"content":{"rendered":"<p>Visitas: 0<\/p>\n<p>Minatitl\u00e1n, Ver. \u2013 El Gobierno Municipal de Minatitl\u00e1n a trav\u00e9s de la jefatura de Diversidad Sexual, llevo a cabo un taller de colorimetr\u00eda b\u00e1sica el cual fue ofrecido de manera gratuita a la ciudadan\u00eda en general. Este taller tuvo una duraci\u00f3n de 20 horas y al finalizar, los alumnos recibieron un diploma que acredito su participaci\u00f3n en el curso, mismo que fue impartido por la maestra Coco-Love.<\/p>\n\n\n\n<p>El objetivo principal de esta iniciativa es proporcionar las herramientas necesarias a los interesados en aprender el oficio de la belleza, como parte del compromiso continuo de la<\/p>\n\n\n\n<p>en apoyar a emprendedores y brindar oportunidades de desarrollo a la comunidad, explic\u00f3 Ignacio S\u00e1nchez Espinosa, titular de la dependencia.<\/p>\n\n\n\n<p>\u201cEl taller de colorimetr\u00eda b\u00e1sica fue una oportunidad para que los participantes adquirieran conocimientos fundamentales en este campo, permiti\u00e9ndoles ejercer y aplicar lo aprendido en su vida profesional o personal\u201d agreg\u00f3.<\/p>\n\n\n\n<p>De esta manera se reafirma el compromiso con la capacitaci\u00f3n y el empoderamiento de la comunidad, promoviendo espacios educativos que fomenten el crecimiento personal y laboral.<\/p>\n","protected":false},"excerpt":{"rendered":"<p>Visitas: 0 Minatitl\u00e1n, Ver. \u2013 El Gobierno Municipal de Minatitl\u00e1n a trav\u00e9s de la jefatura de Diversidad Sexual, llevo a cabo un taller de colorimetr\u00eda b\u00e1sica el cual fue ofrecido de manera gratuita a la ciudadan\u00eda en general. Este taller tuvo una duraci\u00f3n de 20 horas y al finalizar, los alumnos recibieron un diploma que [&hellip;]<\/p>\n","protected":false},"author":2,"featured_media":203864,"comment_status":"open","ping_status":"open","sticky":false,"template":"","format":"standard","meta":{"footnotes":""},"categories":[243,241],"tags":[],"class_list":{"0":"post-203863","1":"post","2":"type-post","3":"status-publish","4":"format-standard","5":"has-post-thumbnail","7":"category-minatitlan","8":"category-zona-sur"},"nelio_content":{"isAutoShareEnabled":true,"autoShareEndMode":"never","automationSources":{"useCustomSentences":false,"customSentences":[]},"followers":[],"suggestedReferences":[],"efiUrl":"","efiAlt":"","highlights":[],"permalinkQueryArgs":[],"series":[]},"_links":{"self":[{"href":"https:\/\/www.enteratever.com\/2023\/wp-json\/wp\/v2\/posts\/203863","targetHints":{"allow":["GET"]}}],"collection":[{"href":"https:\/\/www.enteratever.com\/2023\/wp-json\/wp\/v2\/posts"}],"about":[{"href":"https:\/\/www.enteratever.com\/2023\/wp-json\/wp\/v2\/types\/post"}],"author":[{"embeddable":true,"href":"https:\/\/www.enteratever.com\/2023\/wp-json\/wp\/v2\/users\/2"}],"replies":[{"embeddable":true,"href":"https:\/\/www.enteratever.com\/2023\/wp-json\/wp\/v2\/comments?post=203863"}],"version-history":[{"count":1,"href":"https:\/\/www.enteratever.com\/2023\/wp-json\/wp\/v2\/posts\/203863\/revisions"}],"predecessor-version":[{"id":203865,"href":"https:\/\/www.enteratever.com\/2023\/wp-json\/wp\/v2\/posts\/203863\/revisions\/203865"}],"wp:featuredmedia":[{"embeddable":true,"href":"https:\/\/www.enteratever.com\/2023\/wp-json\/wp\/v2\/media\/203864"}],"wp:attachment":[{"href":"https:\/\/www.enteratever.com\/2023\/wp-json\/wp\/v2\/media?parent=203863"}],"wp:term":[{"taxonomy":"category","embeddable":true,"href":"https:\/\/www.enteratever.com\/2023\/wp-json\/wp\/v2\/categories?post=203863"},{"taxonomy":"post_tag","embeddable":true,"href":"https:\/\/www.enteratever.com\/2023\/wp-json\/wp\/v2\/tags?post=203863"}],"curies":[{"name":"wp","href":"https:\/\/api.w.org\/{rel}","templated":true}]}}