{"id":203808,"date":"2024-01-19T10:15:10","date_gmt":"2024-01-19T16:15:10","guid":{"rendered":"https:\/\/www.enteratever.com\/2023\/?p=203808"},"modified":"2024-01-19T10:15:13","modified_gmt":"2024-01-19T16:15:13","slug":"minatitlan-sede-de-conversatorio-sobre-educacion-ambiental-y-gestion-de-residuos","status":"publish","type":"post","link":"https:\/\/www.enteratever.com\/2023\/2024\/01\/19\/minatitlan-sede-de-conversatorio-sobre-educacion-ambiental-y-gestion-de-residuos\/","title":{"rendered":"Minatitl\u00e1n, Sede de Conversatorio sobre Educaci\u00f3n Ambiental y Gesti\u00f3n de Residuos"},"content":{"rendered":"<p>Visitas: 8<\/p>\n<p>&#8211; Carmen Medel invita a los j\u00f3venes a sumarse a las diferentes estrategias ambientales en pro de un mejor municipio.<\/p>\n\n\n\n<p>Minatitl\u00e1n, Ver. &#8211; La Secretar\u00eda de Medio Ambiente y Recursos Naturales (SEMARNAT) llev\u00f3 a cabo un conversatorio sobre Educaci\u00f3n Ambiental para el Buen Manejo de Residuos, en el cual Minatitl\u00e1n tuvo el honor de ser sede de este importante evento. La presidenta municipal,<\/p>\n\n\n\n<p>, particip\u00f3 activamente en este encuentro, destacando las acciones implementadas en pro del medio ambiente y resaltando la importancia de la participaci\u00f3n ciudadana.<\/p>\n\n\n\n<p>El evento se llev\u00f3 a cabo en la escuela secundaria general n\u00famero 1 Emiliano Zapata, donde los estudiantes tuvieron la oportunidad de aprender sobre la gesti\u00f3n adecuada de residuos. La doctora Medel Palma invit\u00f3 a los j\u00f3venes a sumarse a las diferentes estrategias ambientales, como el trabajo coordinado entre los tres \u00f3rdenes de gobierno en el saneamiento del Sitio de Disposici\u00f3n Final (SDF) Las Matas, la instalaci\u00f3n de contenedores para depositar Residuos S\u00f3lidos Urbanos en espacios p\u00fablicos y los centros de acopio de pilas, llantas y aceite.<\/p>\n\n\n\n<p>Asimismo, se reconoci\u00f3 y felicit\u00f3 el buen trabajo realizado por la direcci\u00f3n de Medio Ambiente y Sustentabilidad Municipal, a cargo de Jorge David Palavicini Rodr\u00edguez, en estas estrategias. Adem\u00e1s, se llev\u00f3 a cabo un taller sobre composta y se realiz\u00f3 la entrega de plantas para la reforestaci\u00f3n de la escuela secundaria.<\/p>\n\n\n\n<p>Durante el evento, se destac\u00f3 la presencia y labor de la maestra<\/p>\n\n\n\n<p>, titular de SEMARNAT, as\u00ed como del ingeniero Juan Carlos Contreras Bautista, titular de la Secretar\u00eda de Medio Ambiente de Veracruz. Tambi\u00e9n se expres\u00f3 un especial reconocimiento a las autoridades educativas y del profesor Luis Ed\u00e9n Toledo Toledo, director de la secundaria general n\u00famero 1, tambi\u00e9n estuvo presente Javier Lara Arzate, Director de Comunicaci\u00f3n Educativa y encargado de Despacho de la coordinaci\u00f3n del Centro de Educaci\u00f3n y Capacitaci\u00f3n para el Desarrollo Sustentable (CECADESU); y Alonso Jim\u00e9nez Reyes Subsecretario de SEMARNAT.<\/p>\n\n\n\n<p>La alcaldesa reiter\u00f3 su compromiso con el cuidado del medio ambiente y su respaldo a iniciativas que promuevan una cultura ambiental responsable. Este tipo de eventos demuestran el trabajo conjunto entre autoridades gubernamentales, educativas y ciudadan\u00eda para lograr un entorno m\u00e1s sostenible y saludable para todos.<\/p>\n","protected":false},"excerpt":{"rendered":"<p>Visitas: 8 &#8211; Carmen Medel invita a los j\u00f3venes a sumarse a las diferentes estrategias ambientales en pro de un mejor municipio. Minatitl\u00e1n, Ver. &#8211; La Secretar\u00eda de Medio Ambiente y Recursos Naturales (SEMARNAT) llev\u00f3 a cabo un conversatorio sobre Educaci\u00f3n Ambiental para el Buen Manejo de Residuos, en el cual Minatitl\u00e1n tuvo el honor [&hellip;]<\/p>\n","protected":false},"author":2,"featured_media":203809,"comment_status":"open","ping_status":"open","sticky":false,"template":"","format":"standard","meta":{"footnotes":""},"categories":[243,241],"tags":[],"class_list":{"0":"post-203808","1":"post","2":"type-post","3":"status-publish","4":"format-standard","5":"has-post-thumbnail","7":"category-minatitlan","8":"category-zona-sur"},"nelio_content":{"isAutoShareEnabled":true,"autoShareEndMode":"never","automationSources":{"useCustomSentences":false,"customSentences":[]},"followers":[],"suggestedReferences":[],"efiUrl":"","efiAlt":"","highlights":[],"permalinkQueryArgs":[],"series":[]},"_links":{"self":[{"href":"https:\/\/www.enteratever.com\/2023\/wp-json\/wp\/v2\/posts\/203808","targetHints":{"allow":["GET"]}}],"collection":[{"href":"https:\/\/www.enteratever.com\/2023\/wp-json\/wp\/v2\/posts"}],"about":[{"href":"https:\/\/www.enteratever.com\/2023\/wp-json\/wp\/v2\/types\/post"}],"author":[{"embeddable":true,"href":"https:\/\/www.enteratever.com\/2023\/wp-json\/wp\/v2\/users\/2"}],"replies":[{"embeddable":true,"href":"https:\/\/www.enteratever.com\/2023\/wp-json\/wp\/v2\/comments?post=203808"}],"version-history":[{"count":1,"href":"https:\/\/www.enteratever.com\/2023\/wp-json\/wp\/v2\/posts\/203808\/revisions"}],"predecessor-version":[{"id":203810,"href":"https:\/\/www.enteratever.com\/2023\/wp-json\/wp\/v2\/posts\/203808\/revisions\/203810"}],"wp:featuredmedia":[{"embeddable":true,"href":"https:\/\/www.enteratever.com\/2023\/wp-json\/wp\/v2\/media\/203809"}],"wp:attachment":[{"href":"https:\/\/www.enteratever.com\/2023\/wp-json\/wp\/v2\/media?parent=203808"}],"wp:term":[{"taxonomy":"category","embeddable":true,"href":"https:\/\/www.enteratever.com\/2023\/wp-json\/wp\/v2\/categories?post=203808"},{"taxonomy":"post_tag","embeddable":true,"href":"https:\/\/www.enteratever.com\/2023\/wp-json\/wp\/v2\/tags?post=203808"}],"curies":[{"name":"wp","href":"https:\/\/api.w.org\/{rel}","templated":true}]}}