{"id":203758,"date":"2024-01-18T11:41:41","date_gmt":"2024-01-18T17:41:41","guid":{"rendered":"https:\/\/www.enteratever.com\/2023\/?p=203758"},"modified":"2024-01-18T11:41:43","modified_gmt":"2024-01-18T17:41:43","slug":"amlo-advierte-con-dar-a-conocer-propiedades-de-loret-de-mola-tras-reportaje-de-daniel-asaf","status":"publish","type":"post","link":"https:\/\/www.enteratever.com\/2023\/2024\/01\/18\/amlo-advierte-con-dar-a-conocer-propiedades-de-loret-de-mola-tras-reportaje-de-daniel-asaf\/","title":{"rendered":"AMLO advierte con dar a conocer propiedades de Loret de Mola tras reportaje de Daniel Asaf"},"content":{"rendered":"<p>Visitas: 1<\/p>\n<p>El presidente&nbsp;Andr\u00e9s Manuel L\u00f3pez Obrador&nbsp;volvi\u00f3 a arremeter contra el periodista Loret de Mola, luego de que este acus\u00f3 a Daniel Asaf Manjarrez, coordinador de la Ayudant\u00eda, de estar involucrado en una red de&nbsp;corrupci\u00f3n&nbsp;liderada por los hijos del l\u00edder del Ejecutivo.<\/p>\n\n\n\n<p>En conferencia ma\u00f1anera, el presidente calific\u00f3 a Loret de Mola como una persona \u201ccorrupta\u201d y \u201ccalumniadora\u201d.<\/p>\n\n\n\n<p>\u201cEst\u00e1 dif\u00edcil que yo le llame periodista.&nbsp;Es un calumniador que est\u00e1 al servicio de corruptos que se dedicaban a saquear y ahora est\u00e1n muy molestos con nosotros. Cree este se\u00f1or y los patrocinadores, sus socios, que somos iguales. Se equivoca, ya varias veces lo he dicho\u201d, declar\u00f3.<\/p>\n\n\n\n<p>Asimismo, advirti\u00f3 con dar a conocer los bienes del periodista y\u00a0record\u00f3 la participaci\u00f3n del comunicador en el caso de \u2018Frida Sof\u00eda\u2019 y exhibi\u00f3 fotograf\u00edas en las que aparece junto a Genaro Garc\u00eda Luna; exsecretario de Seguridad P\u00fablica acusado en Estados Unidos de narcotr\u00e1fico y delincuencia organizada.<\/p>\n\n\n\n<p>XEU<\/p>\n","protected":false},"excerpt":{"rendered":"<p>Visitas: 1 El presidente&nbsp;Andr\u00e9s Manuel L\u00f3pez Obrador&nbsp;volvi\u00f3 a arremeter contra el periodista Loret de Mola, luego de que este acus\u00f3 a Daniel Asaf Manjarrez, coordinador de la Ayudant\u00eda, de estar involucrado en una red de&nbsp;corrupci\u00f3n&nbsp;liderada por los hijos del l\u00edder del Ejecutivo. En conferencia ma\u00f1anera, el presidente calific\u00f3 a Loret de Mola como una persona [&hellip;]<\/p>\n","protected":false},"author":2,"featured_media":184597,"comment_status":"open","ping_status":"open","sticky":false,"template":"","format":"standard","meta":{"footnotes":""},"categories":[252],"tags":[],"class_list":{"0":"post-203758","1":"post","2":"type-post","3":"status-publish","4":"format-standard","5":"has-post-thumbnail","7":"category-nacionales"},"nelio_content":{"isAutoShareEnabled":true,"autoShareEndMode":"never","automationSources":{"useCustomSentences":false,"customSentences":[]},"followers":[],"suggestedReferences":[],"efiUrl":"","efiAlt":"","highlights":[],"permalinkQueryArgs":[],"series":[]},"_links":{"self":[{"href":"https:\/\/www.enteratever.com\/2023\/wp-json\/wp\/v2\/posts\/203758","targetHints":{"allow":["GET"]}}],"collection":[{"href":"https:\/\/www.enteratever.com\/2023\/wp-json\/wp\/v2\/posts"}],"about":[{"href":"https:\/\/www.enteratever.com\/2023\/wp-json\/wp\/v2\/types\/post"}],"author":[{"embeddable":true,"href":"https:\/\/www.enteratever.com\/2023\/wp-json\/wp\/v2\/users\/2"}],"replies":[{"embeddable":true,"href":"https:\/\/www.enteratever.com\/2023\/wp-json\/wp\/v2\/comments?post=203758"}],"version-history":[{"count":1,"href":"https:\/\/www.enteratever.com\/2023\/wp-json\/wp\/v2\/posts\/203758\/revisions"}],"predecessor-version":[{"id":203763,"href":"https:\/\/www.enteratever.com\/2023\/wp-json\/wp\/v2\/posts\/203758\/revisions\/203763"}],"wp:featuredmedia":[{"embeddable":true,"href":"https:\/\/www.enteratever.com\/2023\/wp-json\/wp\/v2\/media\/184597"}],"wp:attachment":[{"href":"https:\/\/www.enteratever.com\/2023\/wp-json\/wp\/v2\/media?parent=203758"}],"wp:term":[{"taxonomy":"category","embeddable":true,"href":"https:\/\/www.enteratever.com\/2023\/wp-json\/wp\/v2\/categories?post=203758"},{"taxonomy":"post_tag","embeddable":true,"href":"https:\/\/www.enteratever.com\/2023\/wp-json\/wp\/v2\/tags?post=203758"}],"curies":[{"name":"wp","href":"https:\/\/api.w.org\/{rel}","templated":true}]}}