{"id":203747,"date":"2024-01-18T11:07:40","date_gmt":"2024-01-18T17:07:40","guid":{"rendered":"https:\/\/www.enteratever.com\/2023\/?p=203747"},"modified":"2024-01-18T11:07:42","modified_gmt":"2024-01-18T17:07:42","slug":"la-primera-comision-de-la-permanente-realizo-entrevistas-a-las-personas-designadas-para-magistraturas-vacantes-en-el-tfja","status":"publish","type":"post","link":"https:\/\/www.enteratever.com\/2023\/2024\/01\/18\/la-primera-comision-de-la-permanente-realizo-entrevistas-a-las-personas-designadas-para-magistraturas-vacantes-en-el-tfja\/","title":{"rendered":"La Primera Comisi\u00f3n de la Permanente realiz\u00f3 entrevistas a las personas designadas para magistraturas vacantes en el TFJA"},"content":{"rendered":"<p>Visitas: 0<\/p>\n<p>La Primera Comisi\u00f3n de Trabajo de la Permanente &#8211;Gobernaci\u00f3n, Puntos Constitucionales y Justicia&#8211;, que preside el diputado Marcos Rosendo Medina Filigrana (Morena), llev\u00f3 a cabo las entrevistas a las 20 personas designadas por el Ejecutivo Federal para ocupar magistraturas vacantes en el Tribunal Federal de Justicia Administrativa (TFJA).<\/p>\n\n\n\n<figure class=\"wp-block-embed is-type-rich is-provider-gestor-del-servicio wp-block-embed-gestor-del-servicio wp-embed-aspect-16-9 wp-has-aspect-ratio\"><div class=\"wp-block-embed__wrapper\">\n<div class=\"youtube-embed\" data-video_id=\"3CJu1je7gIU\"><iframe loading=\"lazy\" title=\"EN VIVO \/ Reuni\u00f3n de la Primera Comisi\u00f3n de la Permanente\" width=\"696\" height=\"392\" src=\"https:\/\/www.youtube.com\/embed\/3CJu1je7gIU?feature=oembed&#038;enablejsapi=1\" frameborder=\"0\" allow=\"accelerometer; autoplay; clipboard-write; encrypted-media; gyroscope; picture-in-picture; web-share\" allowfullscreen><\/iframe><\/div>\n<\/div><\/figure>\n\n\n\n<p>Para tal efecto, por unanimidad aprob\u00f3 la propuesta de constituirse en reuni\u00f3n permanente, con fundamento en el Reglamento para el Gobierno Interior del Congreso General de los Estados Unidos Mexicanos, del Reglamento de la C\u00e1mara de Diputados, Reglamento del Senado de la Rep\u00fablica, y dem\u00e1s disposiciones conexas y la voluntad del Pleno de la Primera Comisi\u00f3n.<\/p>\n\n\n\n<p>La comparecencia de cada una de las personas designadas se desarroll\u00f3 en el siguiente orden: Maricela Lecuona Gonz\u00e1lez, Mar\u00eda de los \u00c1ngeles Jasso Cisneros, Miguel \u00c1ngel Carrasco Hern\u00e1ndez, Octavio Augusto Ernesto Prieto Gallardo, Rosendo G\u00f3mez Silv\u00e1n, Aar\u00f3n Marino \u00c1lvarez Montiel, Claudia Ang\u00e9lica Nogales Gaona, Diana Tecontero Ju\u00e1rez, Edgar Armando Aguirre Gonz\u00e1lez, Eduardo Manuel M\u00e9ndez S\u00e1nchez.&nbsp;<\/p>\n\n\n\n<p>Asimismo, Ely Cruz P\u00e9rez, Magali Ira\u00eds Mendoza R\u00edos, Surit Berenice Romero Dom\u00ednguez, Francisco Medina Padilla, Ricardo Le\u00f3n Caraveo, Consuelo Rodr\u00edguez Aceves, Carlos Boj\u00f3rquez Hern\u00e1ndez, Pedro Rodr\u00edguez Chandoqu\u00ed, F\u00e1tima Gonz\u00e1lez Tello y Luis Alfredo Mora Villag\u00f3mez.&nbsp;<\/p>\n\n\n\n<p>En los salones \u00abC\u00bb y \u00abD\u00bb del edificio \u00abG\u00bb de la C\u00e1mara de Diputados, las personas aspirantes expresaron sus planteamientos en torno al cargo para el cual fueron designadas y las razones por las que consideran ser id\u00f3neas para ocupar el mismo, y dieron respuesta a las preguntas de los grupos parlamentarios.<\/p>\n\n\n\n<p>Para los efectos legales y administrativos los nombramientos tendr\u00e1n que ser ratificados por el Pleno de la Comisi\u00f3n Permanente, se\u00f1ala el acuerdo aprobado ayer martes 16 por las y los integrantes de la Primera Comisi\u00f3n.<\/p>\n\n\n\n<p>Agotado el orden del d\u00eda, el diputado Medina Filigrana levant\u00f3 la primera reuni\u00f3n de la Comisi\u00f3n y cit\u00f3 para la pr\u00f3xima que tendr\u00e1 lugar el martes 23 de enero, a las 17:00 horas.<\/p>\n\n\n\n<p>&#8211;ooOoo&#8211;<\/p>\n","protected":false},"excerpt":{"rendered":"<p>Visitas: 0 La Primera Comisi\u00f3n de Trabajo de la Permanente &#8211;Gobernaci\u00f3n, Puntos Constitucionales y Justicia&#8211;, que preside el diputado Marcos Rosendo Medina Filigrana (Morena), llev\u00f3 a cabo las entrevistas a las 20 personas designadas por el Ejecutivo Federal para ocupar magistraturas vacantes en el Tribunal Federal de Justicia Administrativa (TFJA). Para tal efecto, por unanimidad [&hellip;]<\/p>\n","protected":false},"author":2,"featured_media":203753,"comment_status":"open","ping_status":"open","sticky":false,"template":"","format":"standard","meta":{"footnotes":""},"categories":[252],"tags":[],"class_list":{"0":"post-203747","1":"post","2":"type-post","3":"status-publish","4":"format-standard","5":"has-post-thumbnail","7":"category-nacionales"},"nelio_content":{"isAutoShareEnabled":true,"autoShareEndMode":"never","automationSources":{"useCustomSentences":false,"customSentences":[]},"followers":[],"suggestedReferences":[],"efiUrl":"","efiAlt":"","highlights":[],"permalinkQueryArgs":[],"series":[]},"_links":{"self":[{"href":"https:\/\/www.enteratever.com\/2023\/wp-json\/wp\/v2\/posts\/203747","targetHints":{"allow":["GET"]}}],"collection":[{"href":"https:\/\/www.enteratever.com\/2023\/wp-json\/wp\/v2\/posts"}],"about":[{"href":"https:\/\/www.enteratever.com\/2023\/wp-json\/wp\/v2\/types\/post"}],"author":[{"embeddable":true,"href":"https:\/\/www.enteratever.com\/2023\/wp-json\/wp\/v2\/users\/2"}],"replies":[{"embeddable":true,"href":"https:\/\/www.enteratever.com\/2023\/wp-json\/wp\/v2\/comments?post=203747"}],"version-history":[{"count":1,"href":"https:\/\/www.enteratever.com\/2023\/wp-json\/wp\/v2\/posts\/203747\/revisions"}],"predecessor-version":[{"id":203754,"href":"https:\/\/www.enteratever.com\/2023\/wp-json\/wp\/v2\/posts\/203747\/revisions\/203754"}],"wp:featuredmedia":[{"embeddable":true,"href":"https:\/\/www.enteratever.com\/2023\/wp-json\/wp\/v2\/media\/203753"}],"wp:attachment":[{"href":"https:\/\/www.enteratever.com\/2023\/wp-json\/wp\/v2\/media?parent=203747"}],"wp:term":[{"taxonomy":"category","embeddable":true,"href":"https:\/\/www.enteratever.com\/2023\/wp-json\/wp\/v2\/categories?post=203747"},{"taxonomy":"post_tag","embeddable":true,"href":"https:\/\/www.enteratever.com\/2023\/wp-json\/wp\/v2\/tags?post=203747"}],"curies":[{"name":"wp","href":"https:\/\/api.w.org\/{rel}","templated":true}]}}