{"id":203739,"date":"2024-01-18T10:29:26","date_gmt":"2024-01-18T16:29:26","guid":{"rendered":"https:\/\/www.enteratever.com\/2023\/?p=203739"},"modified":"2024-01-18T10:29:28","modified_gmt":"2024-01-18T16:29:28","slug":"mejoras-en-la-infraestructura-urbana-de-minatitlan-compromiso-de-carmen-medel-palma","status":"publish","type":"post","link":"https:\/\/www.enteratever.com\/2023\/2024\/01\/18\/mejoras-en-la-infraestructura-urbana-de-minatitlan-compromiso-de-carmen-medel-palma\/","title":{"rendered":"Mejoras en la infraestructura urbana de Minatitl\u00e1n: Compromiso de Carmen Medel Palma"},"content":{"rendered":"<p>Visitas: 0<\/p>\n<p>Minatitl\u00e1n, Ver. &#8211; La presidenta municipal de Minatitl\u00e1n, Carmen Medel , ha instruido al personal de la Unidad de Respuesta Inmediata de Obras P\u00fablicas para continuar mejorando la infraestructura urbana en el municipio que florece. Como parte de su compromiso por transformar la imagen de las colonias, se han llevado a cabo trabajos de reparaci\u00f3n de losas en dos puntos de la calle Reforma, entre las calles S\u00e1nchez Magallanes y Cuauht\u00e9moc, en la colonia Las Delicias.<\/p>\n\n\n\n<p>Los trabajos realizados incluyeron la compactaci\u00f3n y vaciado de concreto de mejor calidad, con el objetivo de seguir embelleciendo y fortaleciendo la infraestructura en Minatitl\u00e1n. Se solicita la comprensi\u00f3n de los ciudadanos, ya que temporalmente se mantendr\u00e1 cerrado el circuito vial para garantizar que los trabajos no se vean afectados.<\/p>\n\n\n\n<p>Eduardo Couti\u00f1o, titular de la dependencia municipal, explic\u00f3 que estos esfuerzos son parte del continuo proceso de transformaci\u00f3n que est\u00e1 experimentando la ciudad. \u201cAgradecemos la paciencia y colaboraci\u00f3n de los habitantes mientras llevamos a cabo estas mejoras para el beneficio com\u00fan, solicitando tomen rutas alternas y respeten las se\u00f1alizaciones\u201d.<\/p>\n","protected":false},"excerpt":{"rendered":"<p>Visitas: 0 Minatitl\u00e1n, Ver. &#8211; La presidenta municipal de Minatitl\u00e1n, Carmen Medel , ha instruido al personal de la Unidad de Respuesta Inmediata de Obras P\u00fablicas para continuar mejorando la infraestructura urbana en el municipio que florece. Como parte de su compromiso por transformar la imagen de las colonias, se han llevado a cabo trabajos [&hellip;]<\/p>\n","protected":false},"author":2,"featured_media":203741,"comment_status":"open","ping_status":"open","sticky":false,"template":"","format":"standard","meta":{"footnotes":""},"categories":[243,241],"tags":[],"class_list":{"0":"post-203739","1":"post","2":"type-post","3":"status-publish","4":"format-standard","5":"has-post-thumbnail","7":"category-minatitlan","8":"category-zona-sur"},"nelio_content":{"isAutoShareEnabled":true,"autoShareEndMode":"never","automationSources":{"useCustomSentences":false,"customSentences":[]},"followers":[],"suggestedReferences":[],"efiUrl":"","efiAlt":"","highlights":[],"permalinkQueryArgs":[],"series":[]},"_links":{"self":[{"href":"https:\/\/www.enteratever.com\/2023\/wp-json\/wp\/v2\/posts\/203739","targetHints":{"allow":["GET"]}}],"collection":[{"href":"https:\/\/www.enteratever.com\/2023\/wp-json\/wp\/v2\/posts"}],"about":[{"href":"https:\/\/www.enteratever.com\/2023\/wp-json\/wp\/v2\/types\/post"}],"author":[{"embeddable":true,"href":"https:\/\/www.enteratever.com\/2023\/wp-json\/wp\/v2\/users\/2"}],"replies":[{"embeddable":true,"href":"https:\/\/www.enteratever.com\/2023\/wp-json\/wp\/v2\/comments?post=203739"}],"version-history":[{"count":1,"href":"https:\/\/www.enteratever.com\/2023\/wp-json\/wp\/v2\/posts\/203739\/revisions"}],"predecessor-version":[{"id":203743,"href":"https:\/\/www.enteratever.com\/2023\/wp-json\/wp\/v2\/posts\/203739\/revisions\/203743"}],"wp:featuredmedia":[{"embeddable":true,"href":"https:\/\/www.enteratever.com\/2023\/wp-json\/wp\/v2\/media\/203741"}],"wp:attachment":[{"href":"https:\/\/www.enteratever.com\/2023\/wp-json\/wp\/v2\/media?parent=203739"}],"wp:term":[{"taxonomy":"category","embeddable":true,"href":"https:\/\/www.enteratever.com\/2023\/wp-json\/wp\/v2\/categories?post=203739"},{"taxonomy":"post_tag","embeddable":true,"href":"https:\/\/www.enteratever.com\/2023\/wp-json\/wp\/v2\/tags?post=203739"}],"curies":[{"name":"wp","href":"https:\/\/api.w.org\/{rel}","templated":true}]}}