{"id":203719,"date":"2024-01-17T16:20:50","date_gmt":"2024-01-17T22:20:50","guid":{"rendered":"https:\/\/www.enteratever.com\/2023\/?p=203719"},"modified":"2024-01-17T17:12:50","modified_gmt":"2024-01-17T23:12:50","slug":"finaliza-la-restauracion-de-la-torre-norte-y-las-cubiertas-de-la-parroquia-de-santa-prisca-y-san-sebastian-en-taxco-guerrero","status":"publish","type":"post","link":"https:\/\/www.enteratever.com\/2023\/2024\/01\/17\/finaliza-la-restauracion-de-la-torre-norte-y-las-cubiertas-de-la-parroquia-de-santa-prisca-y-san-sebastian-en-taxco-guerrero\/","title":{"rendered":"Finaliza la restauraci\u00f3n de la torre norte y las cubiertas de la Parroquia de Santa Prisca y San Sebasti\u00e1n, en Taxco, Guerrero"},"content":{"rendered":"<p>Visitas: 3<\/p>\n<p>A mediados del siglo XVIII, cuando los grandes templos cat\u00f3licos requer\u00edan d\u00e9cadas o incluso siglos para ser construidos, la Parroquia de Santa Prisca y San Sebasti\u00e1n, emblema de la comunidad de Taxco, en Guerrero, fue edificada en solo siete a\u00f1os, para tal haza\u00f1a sum\u00f3 a centenas de trabajadores, canteros y artistas novohispanos.<\/p>\n\n\n\n<p>En nuestros d\u00edas, un esfuerzo tambi\u00e9n tit\u00e1nico se realiza para revitalizar esta joya de la arquitectura barroca, como lo prueba la reciente restauraci\u00f3n, supervisada por la Secretar\u00eda de Cultura federal, a trav\u00e9s del Instituto Nacional de Antropolog\u00eda e Historia (INAH), de la torre norte y las cubiertas.<\/p>\n\n\n\n<p>Las acciones, emprendidas entre agosto y diciembre de 2023, formaron parte de la tercera etapa de trabajos entre diversas instituciones \u2013luego de dos fases previas, realizadas entre 2017 y 2020, y en 2021\u2013, para resarcir los da\u00f1os que el inmueble sufri\u00f3 a causa de los sismos de septiembre de 2017.<\/p>\n\n\n\n<p>En la actualidad, explica el arquitecto del \u00e1rea de Monumentos Hist\u00f3ricos del Centro INAH Guerrero, Jos\u00e9 Luis L\u00f3pez Su\u00e1rez, se ha brindado consolidaci\u00f3n estructural a los muros, el tambor, luces, c\u00fapula, linternilla, b\u00f3vedas, torres-campanario y remates decorativos (pin\u00e1culos) de la edificaci\u00f3n.<\/p>\n\n\n\n<p>Como parte de la reciente temporada de trabajo, se instal\u00f3 un andamio unidireccional para la restauraci\u00f3n, el cual fue usado por primera vez en Guerrero. Esta estructura, de 47 de metros de altura y 50 toneladas, permiti\u00f3 abordar la torre norte desde su base hasta su remate, a la vez que facilit\u00f3 la liberaci\u00f3n y reintegraci\u00f3n de juntas constructivas, la consolidaci\u00f3n de n\u00facleos y el refuerzo de sus dos cuerpos mediante la instalaci\u00f3n de 12 tensores y un cintur\u00f3n de compresi\u00f3n.<\/p>\n\n\n\n<p>A partir del di\u00e1logo entre los equipos de trabajo del INAH y de la empresa contratista, se determin\u00f3 colocar los tensores en puntos estrat\u00e9gicos para mantener su funci\u00f3n estructural y evitar da\u00f1ar la ornamentaci\u00f3n de la torre.<\/p>\n\n\n\n<p>\u201cSi bien la torre y el templo mismo est\u00e1n siempre sujetos a movimientos, los tensores y el cintur\u00f3n son elementos pasivo-reversibles que brindan cohesi\u00f3n a la estructura ante alg\u00fan movimiento s\u00edsmico. Y la prueba de que funcionan es que el 7 de diciembre de 2023 hubo un temblor de 5.7 grados Richter y el santuario no registr\u00f3 afectaci\u00f3n alguna\u201d.<\/p>\n\n\n\n<p>De acuerdo con el especialista, otra tarea minuciosa fue la hecha en la torre norte, por el \u00e1rea de restauraci\u00f3n de la empresa contratista, donde se limpi\u00f3 su ornamentaci\u00f3n barroca, afectada por la presencia de l\u00edquenes, microflora y otros derivados de la humedad y el intemperismo.<\/p>\n\n\n\n<p>Al respecto, la residente de obra de la firma contratista, Areli Guti\u00e9rrez Bar\u00f3n expres\u00f3 que: \u201ccomo oriunda de Taxco, para m\u00ed era importante que se hiciera un buen trabajo, tanto profesional como sentimentalmente, ya que este templo es la mayor atracci\u00f3n tur\u00edstica de la comunidad\u201d.<\/p>\n\n\n\n<p>Durante la intervenci\u00f3n se hizo la consolidaci\u00f3n, el cosido y la inyecci\u00f3n de diversas grietas derivadas del sismo, tanto en la cubierta como en el intrad\u00f3s del templo, hacia el \u00e1rea del coro. Adem\u00e1s, se liberaron y reintegraron entortados y enlucidos, y se impermeabilizaron las cubiertas con jab\u00f3n y alumbre.<\/p>\n\n\n\n<p>En el proceso, concluye Jos\u00e9 Luis L\u00f3pez, hubo retos como atender da\u00f1os que no hab\u00edan podido registrarse hasta tener la cercan\u00eda brindada por el andamiaje, o bien, desaf\u00edos log\u00edsticos, como introducir los materiales e instalar las estructuras necesarias para la intervenci\u00f3n en las madrugadas, pues se cuid\u00f3 no alterar el flujo tur\u00edstico ni congestionar las intrincadas calles del antiguo real de minas.<\/p>\n\n\n\n<p>Actualmente, por medio del Programa Nacional de Reconstrucci\u00f3n, se trabaja en la consolidaci\u00f3n, refuerzo estructural y limpieza de la torre sur de la parroquia. Asimismo, se ha emprendido una campa\u00f1a entre los devotos del templo, encabezada por el p\u00e1rroco Tom\u00e1s Mart\u00ednez Rivera, para obtener donaciones para un proyecto adicional de limpieza de la fachada del recinto.<\/p>\n\n\n\n<p>\u201cSanta Prisca es un monumento \u00fanico a nivel mundial, don Jos\u00e9 de la Borda, quien, en su momento, fue la persona m\u00e1s acaudalada del orbe, orden\u00f3 su construcci\u00f3n como una muestra de fe y como un regalo a su hijo, quien se hab\u00eda ordenado como sacerdote. Ahora, nos complace ver que se realizan trabajos sin precedentes para recuperar este templo, visitado a diario por cat\u00f3licos y no cat\u00f3licos, quienes vienen a Taxco para admirar la belleza de nuestra parroquia\u201d. finaliza el presb\u00edtero.<\/p>\n","protected":false},"excerpt":{"rendered":"<p>Visitas: 3 A mediados del siglo XVIII, cuando los grandes templos cat\u00f3licos requer\u00edan d\u00e9cadas o incluso siglos para ser construidos, la Parroquia de Santa Prisca y San Sebasti\u00e1n, emblema de la comunidad de Taxco, en Guerrero, fue edificada en solo siete a\u00f1os, para tal haza\u00f1a sum\u00f3 a centenas de trabajadores, canteros y artistas novohispanos. En [&hellip;]<\/p>\n","protected":false},"author":2,"featured_media":203720,"comment_status":"open","ping_status":"open","sticky":false,"template":"","format":"standard","meta":{"footnotes":""},"categories":[252],"tags":[],"class_list":{"0":"post-203719","1":"post","2":"type-post","3":"status-publish","4":"format-standard","5":"has-post-thumbnail","7":"category-nacionales"},"nelio_content":{"isAutoShareEnabled":true,"autoShareEndMode":"never","automationSources":{"useCustomSentences":false,"customSentences":[]},"followers":[],"suggestedReferences":[],"efiUrl":"","efiAlt":"","highlights":[],"permalinkQueryArgs":[],"series":[]},"_links":{"self":[{"href":"https:\/\/www.enteratever.com\/2023\/wp-json\/wp\/v2\/posts\/203719","targetHints":{"allow":["GET"]}}],"collection":[{"href":"https:\/\/www.enteratever.com\/2023\/wp-json\/wp\/v2\/posts"}],"about":[{"href":"https:\/\/www.enteratever.com\/2023\/wp-json\/wp\/v2\/types\/post"}],"author":[{"embeddable":true,"href":"https:\/\/www.enteratever.com\/2023\/wp-json\/wp\/v2\/users\/2"}],"replies":[{"embeddable":true,"href":"https:\/\/www.enteratever.com\/2023\/wp-json\/wp\/v2\/comments?post=203719"}],"version-history":[{"count":1,"href":"https:\/\/www.enteratever.com\/2023\/wp-json\/wp\/v2\/posts\/203719\/revisions"}],"predecessor-version":[{"id":203721,"href":"https:\/\/www.enteratever.com\/2023\/wp-json\/wp\/v2\/posts\/203719\/revisions\/203721"}],"wp:featuredmedia":[{"embeddable":true,"href":"https:\/\/www.enteratever.com\/2023\/wp-json\/wp\/v2\/media\/203720"}],"wp:attachment":[{"href":"https:\/\/www.enteratever.com\/2023\/wp-json\/wp\/v2\/media?parent=203719"}],"wp:term":[{"taxonomy":"category","embeddable":true,"href":"https:\/\/www.enteratever.com\/2023\/wp-json\/wp\/v2\/categories?post=203719"},{"taxonomy":"post_tag","embeddable":true,"href":"https:\/\/www.enteratever.com\/2023\/wp-json\/wp\/v2\/tags?post=203719"}],"curies":[{"name":"wp","href":"https:\/\/api.w.org\/{rel}","templated":true}]}}