{"id":203640,"date":"2024-01-16T13:01:52","date_gmt":"2024-01-16T19:01:52","guid":{"rendered":"https:\/\/www.enteratever.com\/2023\/?p=203640"},"modified":"2024-01-16T13:01:55","modified_gmt":"2024-01-16T19:01:55","slug":"en-parlamento-abierto-analizan-iniciativa-para-expedir-la-ley-general-de-proteccion-civil-y-gestion-del-riesgo-de-desastres","status":"publish","type":"post","link":"https:\/\/www.enteratever.com\/2023\/2024\/01\/16\/en-parlamento-abierto-analizan-iniciativa-para-expedir-la-ley-general-de-proteccion-civil-y-gestion-del-riesgo-de-desastres\/","title":{"rendered":"En parlamento abierto analizan iniciativa para expedir la Ley General de Protecci\u00f3n Civil y Gesti\u00f3n del Riesgo de Desastres"},"content":{"rendered":"<p>Visitas: 0<\/p>\n<p>Este lunes, en la C\u00e1mara de Diputados se llev\u00f3 a cabo el parlamento abierto \u201cAn\u00e1lisis de la iniciativa que expide la Ley General de Protecci\u00f3n Civil y Gesti\u00f3n del Riesgo de Desastres\u201d, con el objetivo de recibir opiniones y propuestas de las organizaciones de la sociedad civil, organismos p\u00fablicos y privados, as\u00ed como de la ciudadan\u00eda en general, para fortalecer la reforma presentada por el Ejecutivo Federal.&nbsp;<\/p>\n\n\n\n<figure class=\"wp-block-embed is-type-rich is-provider-gestor-del-servicio wp-block-embed-gestor-del-servicio wp-embed-aspect-16-9 wp-has-aspect-ratio\"><div class=\"wp-block-embed__wrapper\">\n<div class=\"youtube-embed\" data-video_id=\"qL8oGIZNN1M\"><iframe loading=\"lazy\" title=\"EN VIVO \/ An\u00e1lisis de la iniciativa que expide la Ley General de Protecci\u00f3n del Riesgo de Desastres\" width=\"696\" height=\"392\" src=\"https:\/\/www.youtube.com\/embed\/qL8oGIZNN1M?feature=oembed&#038;enablejsapi=1\" frameborder=\"0\" allow=\"accelerometer; autoplay; clipboard-write; encrypted-media; gyroscope; picture-in-picture; web-share\" allowfullscreen><\/iframe><\/div>\n<\/div><\/figure>\n\n\n\n<p>La presidenta de la Comisi\u00f3n de Protecci\u00f3n Civil y Prevenci\u00f3n de Desastres, diputada Ana Mar\u00eda Balderas Trejo (PAN), resalt\u00f3 que el parlamento abierto es un ejercicio democr\u00e1tico y las y los diputados que integran esa instancia \u201cprestaremos la debida atenci\u00f3n a su voz, experiencia, necesidades e inquietudes, a fin de disponer de mayores y mejores elementos de juicio para dictaminar la iniciativa\u201d.&nbsp;<\/p>\n\n\n\n<p>Precis\u00f3 que este parlamento marca una importante etapa y es un parteaguas en la forma en que \u201clas y los diputados debemos cumplir con la responsabilidad constitucional e institucional de hacer y modificar leyes que beneficien a la ciudadan\u00eda en general\u201d.&nbsp;<\/p>\n\n\n\n<p>La protecci\u00f3n civil gestiona y coordina las acciones destinadas a proteger a las personas, los bienes y el medio ambiente ante situaciones de grave riesgo colectivo, cat\u00e1strofes y calamidades p\u00fablicas, por lo que \u201ccompartimos la preocupaci\u00f3n para que salga pronto esta ley, pero bien hecha\u201d, puntualiz\u00f3.&nbsp;<\/p>\n\n\n\n<p>A su vez, la presidenta de la Comisi\u00f3n de Seguridad Ciudadana, diputada Juanita Guerra Mena (Morena), confi\u00f3 en que realmente se considere la representaci\u00f3n a nivel nacional del cuerpo de bomberos porque, agreg\u00f3, aunque no es su funci\u00f3n, hoy coadyuva y coordina temas de seguridad; \u201choy apagan incendios de veh\u00edculos, de alg\u00fan centro comercial o locales comerciales. Ojal\u00e1 los consideren para que en alg\u00fan apartado sean tomados en cuenta\u201d.&nbsp;<\/p>\n\n\n\n<p>Del PT, la diputada Maribel Mart\u00ednez Ruiz consider\u00f3 que el proyecto recoge la normativa integral y fortalece la pol\u00edtica de protecci\u00f3n civil, consolida a las instancias encargadas, as\u00ed como la participaci\u00f3n solidaria de la sociedad. \u201cBuscamos que sea una ley que responda a las emergencias y, sobre todo, las prevenga\u201d.<\/p>\n\n\n\n<p>De Morena, el diputado Jorge \u00c1ngel Sibaja Mendoza se\u00f1al\u00f3 que la iniciativa reconoce la necesidad de implementar pol\u00edticas que coordinen efectivamente los esfuerzos de los tres \u00f3rdenes de gobierno en materia de protecci\u00f3n civil y de gesti\u00f3n de riesgo, as\u00ed como generar mecanismos eficaces y transparentes acordes a los principios de honestidad, honradez y austeridad. &nbsp;&nbsp;&nbsp;<\/p>\n\n\n\n<p>El diputado Luis Edgardo Palacios D\u00edaz (PVEM) dijo que urge sacar adelante esta ley porque fen\u00f3menos como el hurac\u00e1n Otis son el antecedente de lo que seguir\u00e1 sucediendo; por ello, \u201cdebemos estar preparados\u201d. Se\u00f1al\u00f3 que las y los legisladores deber\u00e1n ser corresponsables en la construcci\u00f3n de la ley y que cada municipio tenga cuerpos de bomberos, protecci\u00f3n civil y param\u00e9dicos.<\/p>\n\n\n\n<p>V\u00eda plataforma digital, la diputada Fabiola Rafael Dircio (PRD) llam\u00f3 a comprometerse para llevar por buen cauce la actualizaci\u00f3n de los Atlas de Riesgo, mismos que deben ser la columna vertebral de esta Ley. Consider\u00f3 que la iniciativa debe incluir temas como capacitaci\u00f3n en materia de protecci\u00f3n civil en los tres \u00f3rdenes de gobierno.<\/p>\n\n\n\n<p><strong>Participaci\u00f3n de ponentes<\/strong><\/p>\n\n\n\n<p>V\u00eda digital, Wilmer Antonio L\u00f3pez Molina, de la Secretar\u00eda de Protecci\u00f3n Civil de Chiapas, indic\u00f3 que en la iniciativa de ley se describen algunas amenazas antr\u00f3picas, pero no se plasma el apoyo a programas para atender este tipo de amenazas en los que no aplicar\u00eda la responsabilidad civil. &nbsp;<\/p>\n\n\n\n<p>En tanto, el presidente del Colegio Mexicano de Profesionales en Gesti\u00f3n de Riesgos y Protecci\u00f3n Civil, Jos\u00e9 Rafael P\u00e9rez Vargas, consider\u00f3 que la propuesta del Ejecutivo no mejora la visi\u00f3n de la Ley General actual, ya que su objeto sigue siendo la protecci\u00f3n civil y no la gesti\u00f3n integral del riesgo de desastre.<\/p>\n\n\n\n<p>Naxhelli Ru\u00edz Rivera, investigadora de la Universidad Nacional Aut\u00f3noma de M\u00e9xico (UNAM), manifest\u00f3 que en la iniciativa hay limitaciones presupuestales porque est\u00e1 dise\u00f1ada para la atenci\u00f3n de eventos recurrentes, no para cat\u00e1strofes.&nbsp;<\/p>\n\n\n\n<p>&nbsp;Del Colegio de la Frontera Norte, Juan Manuel Rodr\u00edguez Esteves, solicit\u00f3 que en el tema presupuestal se incluya al nivel municipal con sus salvedades y darle m\u00e1s atribuciones y responsabilidad sobre sus capacidades en la gesti\u00f3n de recursos. Asimismo, se debe especificar que la incorporaci\u00f3n de la gesti\u00f3n de riesgo tambi\u00e9n es responsabilidad del municipio.&nbsp;<\/p>\n\n\n\n<p>Lyndsay Garnica, abogada especialista en Siniestros y Derecho de Desastres, refiri\u00f3 que en pa\u00edses adelantados ya hablan del derecho de desastres, y record\u00f3 que desde 2011 en M\u00e9xico se reconoci\u00f3 el derecho humano a ser indemnizado y reparado en los da\u00f1os.&nbsp;<\/p>\n\n\n\n<p>De la Asociaci\u00f3n Mexicana de Instituciones de Seguros, Carlos Omar Jim\u00e9nez Palacios respald\u00f3 la iniciativa porque representa un avance en t\u00e9rminos de regulaci\u00f3n de gesti\u00f3n integral de riesgos y protecci\u00f3n civil. \u201cEs importante que la ley se armonice a nivel nacional, se alinee a la prioridad de comprender mejor el riesgo de desastres y garantizar que promueva en los estados la corresponsabilidad\u201d.<\/p>\n\n\n\n<p>Marco Antonio S\u00e1nchez Guerrero, por la Asociaci\u00f3n Mexicana de Jefes de Bomberos, pidi\u00f3 definir los conceptos, el glosario, funciones, atribuciones y responsabilidades de lo que hace cada una de las instituciones y, en este caso, los departamentos de bomberos, as\u00ed como reconocer a estos como un servicio profesional de alta especializaci\u00f3n. &nbsp; &nbsp; &nbsp;<\/p>\n\n\n\n<p>Juan Estrada Miranda, en representaci\u00f3n de la Cruz Roja Mexicana, apunt\u00f3 que sobre la recepci\u00f3n de donativos \u201cpareciera que efectivamente nos est\u00e1 restringiendo\u201d, por lo que plante\u00f3 incluir a las personas morales no donatarias autorizadas que deseen colaborar con la captaci\u00f3n de donaciones en especie.&nbsp;<\/p>\n\n\n\n<p>De la Asociaci\u00f3n de Posgraduados en Gesti\u00f3n Integral de Riesgos y Protecci\u00f3n Civil de la Escuela Nacional de Protecci\u00f3n Civil, A.C., Roberto Guadalupe Ca\u00f1as Pozos asegur\u00f3 que la iniciativa no establece criterios reales para contratar seguros, montos de cobertura m\u00ednima necesaria, ni especificaciones para cada estado. Propuso la creaci\u00f3n de una secretar\u00eda de Estado para la gesti\u00f3n de riesgo.&nbsp;<\/p>\n\n\n\n<p>Del Instituto para la Gesti\u00f3n, Administraci\u00f3n y Vinculaci\u00f3n Municipal, Juan Jos\u00e9 Hern\u00e1ndez L\u00f3pez pidi\u00f3 hacer obligatorio el uso de los Atlas de Riesgo y que todos los estados lo actualicen. Solicit\u00f3 considerar los planes o programas de desarrollo urbano, los indicadores de cambio clim\u00e1tico, planeaci\u00f3n urbana y rural, as\u00ed como la regulaci\u00f3n del uso de suelo.<\/p>\n\n\n\n<p>Gabriel Arturo Fragoso Aguirre, de la empresa SHEICA FIRE, recomend\u00f3 potenciar la participaci\u00f3n de la ciudadan\u00eda y las comunidades, que en los planes de estudio a nivel b\u00e1sico e intermedio se impartan materias relacionadas a la gesti\u00f3n integral de riesgo y que todos los niveles relacionales en la materia est\u00e9n conectados entre s\u00ed.<\/p>\n\n\n\n<p>Jos\u00e9 Francisco Ram\u00edrez Santana, director de la Coordinaci\u00f3n Municipal de Protecci\u00f3n Civil de Quer\u00e9taro, enfatiz\u00f3 que la iniciativa no tiene claridad con respecto a la naturaleza del prop\u00f3sito y la responsabilidad de los programas especiales de protecci\u00f3n civil.&nbsp;<\/p>\n\n\n\n<p>V\u00eda zoom, Graciela Socorro Rodr\u00edguez Pensamiento, de la Coordinaci\u00f3n Estatal de Protecci\u00f3n Civil y Gesti\u00f3n de Riesgos de Oaxaca, expres\u00f3 que la iniciativa se enfoca cien por ciento a la protecci\u00f3n civil y no existe el desarrollo de las diferentes etapas que contiene la gesti\u00f3n integral de riesgos.&nbsp;<\/p>\n\n\n\n<p>Alfredo Monterrosas Jim\u00e9nez, del Instituto de Investigaciones y de Estudios sobre Alertas y Riesgos A.C., plante\u00f3 integrar en el tema de sistemas de alertamiento temprano, mecanismos y herramientas que promueven la informaci\u00f3n clara, oportuna y confiable, adaptada para las personas, para que sepan qu\u00e9 sucede y qu\u00e9 hacer.&nbsp;&nbsp;<\/p>\n\n\n\n<p>Juan Manuel L\u00f3pez Hern\u00e1ndez, de la Junta Nacional de Bomberos, A.C., mencion\u00f3 que el auxilio carece de presupuesto y depende de donativos y participaciones. Resalt\u00f3 que se debe garantizar que la capacidad de respuesta tenga los recursos, tecnolog\u00eda y medios suficientes y adecuados ante situaciones de emergencia. &nbsp;&nbsp;<\/p>\n\n\n\n<p>Mauro Cruz S\u00e1nchez, de la Coordinaci\u00f3n Estatal de Protecci\u00f3n Civil y Gesti\u00f3n de Riesgos de Oaxaca, extern\u00f3 que durante a\u00f1os se descuid\u00f3 este tema, por lo que s\u00f3lo se es reactivo y se destinan recursos en las emergencias. Propuso inculcar la prevenci\u00f3n desde la escuela y la casa, y que municipios y entidades cuenten con un seguro catastr\u00f3fico.<\/p>\n\n\n\n<p>Elizabeth Hern\u00e1ndez Borges, coordinadora de Protecci\u00f3n Civil del Instituto Mexicano del Seguro Social (IMSS), sugiri\u00f3 establecer en la nueva ley que la infraestructura hospitalaria y administrativa del sector salud federal sea de vigilancia de ese orden de gobierno.&nbsp;<\/p>\n\n\n\n<p>Ana Laura Uribe Villareal, de Safety &amp; Security Intelligent Solutions, expuso que a nivel local se requiere promover la vinculaci\u00f3n entre entidades federativas y municipios con organizaciones sociales y privadas con miras a reforzar acciones que ayuden a reducir la vulnerabilidad en zonas con m\u00e1s amenazas y de rezago social.<\/p>\n\n\n\n<p>Romeo Palacios Su\u00e1rez, de la Asociaci\u00f3n Nacional de Profesionales en Resiliencia, consider\u00f3 necesario establecer una definici\u00f3n clara de conceptos fundamentales de riesgo, peligro y vulnerabilidad, para permearlos y homologarlos en las legislaciones estatales.&nbsp;<\/p>\n\n\n\n<p>Ricardo Gehrke Portilla, por la Federaci\u00f3n Mexicana de Colegio Ingenieros Civiles, estim\u00f3 que la nueva ley debe estructurarse para desarrollar la cultura de la prevenci\u00f3n, a trav\u00e9s de la gesti\u00f3n integral de riesgos. \u201cLa prevenci\u00f3n siempre nos va a salir m\u00e1s econ\u00f3mica que componer o arreglar las cosas\u201d. &nbsp;&nbsp;<\/p>\n\n\n\n<p>De la Sociedad de Energ\u00eda y Medio Ambiente de la UNAM, Daniel Armando Hern\u00e1ndez Lemus, indic\u00f3 que en materia financiera se ha dejado de lado el financiamiento para el desarrollo, por lo que plante\u00f3 la importancia de impulsarlo y lograr una reducci\u00f3n del riesgo de desastres.<\/p>\n\n\n\n<p>Jes\u00fas Guillermo Moreno R\u00edos, presidente del Consejo de INCIDE A.C., pidi\u00f3 promover la participaci\u00f3n activa de ingenieros en la planificaci\u00f3n y construcci\u00f3n de estructuras resistentes a desastres naturales y ofrecer capacitaci\u00f3n especializada en la gesti\u00f3n de riesgos a los gobiernos municipal, estatal y federal.<\/p>\n\n\n\n<p>V\u00eda digital, Lino Enrique Sosa Rebolledo, del Instituto Mexicano del Seguro Social, destac\u00f3 la necesidad de incorporar un cap\u00edtulo espec\u00edfico de protecci\u00f3n civil y gesti\u00f3n de riesgos con siete art\u00edculos y, de esta forma, dar certeza jur\u00eddica a los actos de autoridad de las coordinaciones nacionales, estatales y municipales de protecci\u00f3n civil. &nbsp; &nbsp;<\/p>\n","protected":false},"excerpt":{"rendered":"<p>Visitas: 0 Este lunes, en la C\u00e1mara de Diputados se llev\u00f3 a cabo el parlamento abierto \u201cAn\u00e1lisis de la iniciativa que expide la Ley General de Protecci\u00f3n Civil y Gesti\u00f3n del Riesgo de Desastres\u201d, con el objetivo de recibir opiniones y propuestas de las organizaciones de la sociedad civil, organismos p\u00fablicos y privados, as\u00ed como [&hellip;]<\/p>\n","protected":false},"author":2,"featured_media":203642,"comment_status":"open","ping_status":"open","sticky":false,"template":"","format":"standard","meta":{"footnotes":""},"categories":[252],"tags":[],"class_list":{"0":"post-203640","1":"post","2":"type-post","3":"status-publish","4":"format-standard","5":"has-post-thumbnail","7":"category-nacionales"},"nelio_content":{"isAutoShareEnabled":true,"autoShareEndMode":"never","automationSources":{"useCustomSentences":false,"customSentences":[]},"followers":[],"suggestedReferences":[],"efiUrl":"","efiAlt":"","highlights":[],"permalinkQueryArgs":[],"series":[]},"_links":{"self":[{"href":"https:\/\/www.enteratever.com\/2023\/wp-json\/wp\/v2\/posts\/203640","targetHints":{"allow":["GET"]}}],"collection":[{"href":"https:\/\/www.enteratever.com\/2023\/wp-json\/wp\/v2\/posts"}],"about":[{"href":"https:\/\/www.enteratever.com\/2023\/wp-json\/wp\/v2\/types\/post"}],"author":[{"embeddable":true,"href":"https:\/\/www.enteratever.com\/2023\/wp-json\/wp\/v2\/users\/2"}],"replies":[{"embeddable":true,"href":"https:\/\/www.enteratever.com\/2023\/wp-json\/wp\/v2\/comments?post=203640"}],"version-history":[{"count":1,"href":"https:\/\/www.enteratever.com\/2023\/wp-json\/wp\/v2\/posts\/203640\/revisions"}],"predecessor-version":[{"id":203647,"href":"https:\/\/www.enteratever.com\/2023\/wp-json\/wp\/v2\/posts\/203640\/revisions\/203647"}],"wp:featuredmedia":[{"embeddable":true,"href":"https:\/\/www.enteratever.com\/2023\/wp-json\/wp\/v2\/media\/203642"}],"wp:attachment":[{"href":"https:\/\/www.enteratever.com\/2023\/wp-json\/wp\/v2\/media?parent=203640"}],"wp:term":[{"taxonomy":"category","embeddable":true,"href":"https:\/\/www.enteratever.com\/2023\/wp-json\/wp\/v2\/categories?post=203640"},{"taxonomy":"post_tag","embeddable":true,"href":"https:\/\/www.enteratever.com\/2023\/wp-json\/wp\/v2\/tags?post=203640"}],"curies":[{"name":"wp","href":"https:\/\/api.w.org\/{rel}","templated":true}]}}