{"id":203638,"date":"2024-01-16T13:01:55","date_gmt":"2024-01-16T19:01:55","guid":{"rendered":"https:\/\/www.enteratever.com\/2023\/?p=203638"},"modified":"2024-01-16T13:01:58","modified_gmt":"2024-01-16T19:01:58","slug":"analizara-primera-comision-propuesta-del-ejecutivo-para-nombramientos-de-integrantes-del-tfja-marcos-rosendo-medina","status":"publish","type":"post","link":"https:\/\/www.enteratever.com\/2023\/2024\/01\/16\/analizara-primera-comision-propuesta-del-ejecutivo-para-nombramientos-de-integrantes-del-tfja-marcos-rosendo-medina\/","title":{"rendered":"Analizar\u00e1 Primera Comisi\u00f3n propuesta del Ejecutivo para nombramientos de integrantes del TFJA: Marcos Rosendo Medina"},"content":{"rendered":"<p>Visitas: 3<\/p>\n<p>El diputado Marcos Rosendo Medina Filigrana (Morena), presidente de la Primera Comisi\u00f3n &#8211;de Gobernaci\u00f3n, Puntos Constitucionales y Justicia&#8211; de la Comisi\u00f3n Permanente, inform\u00f3 que se analizar\u00e1 la propuesta del Ejecutivo para el nombramiento de integrantes del Tribunal Federal de Justicia Administrativa (TFJA), para que sean ratificados por un periodo inicial de diez a\u00f1os.<\/p>\n\n\n\n<p>En declaraciones a representantes de medios de comunicaci\u00f3n, dijo que, una vez que formalmente se instale la Comisi\u00f3n, se abordar\u00e1n diversos temas.<\/p>\n\n\n\n<figure class=\"wp-block-embed is-type-rich is-provider-gestor-del-servicio wp-block-embed-gestor-del-servicio wp-embed-aspect-16-9 wp-has-aspect-ratio\"><div class=\"wp-block-embed__wrapper\">\n<div class=\"youtube-embed\" data-video_id=\"rvmC-BYPfK4\"><iframe loading=\"lazy\" title=\"Entrevista | Dip. Marcos Rosendo Medina Filigrana | Morena | 15\/01\/2024\" width=\"696\" height=\"392\" src=\"https:\/\/www.youtube.com\/embed\/rvmC-BYPfK4?feature=oembed&#038;enablejsapi=1\" frameborder=\"0\" allow=\"accelerometer; autoplay; clipboard-write; encrypted-media; gyroscope; picture-in-picture; web-share\" allowfullscreen><\/iframe><\/div>\n<\/div><\/figure>\n\n\n\n<p>\u201cEntre lo que m\u00e1s destaca son oficios del Poder Ejecutivo, en base a la propuesta que hace para ciudadanas y ciudadanos que puedan integrar el Tribunal Administrativo de la Federaci\u00f3n\u201d, detall\u00f3.<\/p>\n\n\n\n<p>Rosendo Medina inform\u00f3 que, por falta de qu\u00f3rum, se cancel\u00f3 la instalaci\u00f3n de la Primera Comisi\u00f3n programada para este lunes, la cual se pospuso para ma\u00f1ana martes, a las 16:00 horas.<\/p>\n","protected":false},"excerpt":{"rendered":"<p>Visitas: 3 El diputado Marcos Rosendo Medina Filigrana (Morena), presidente de la Primera Comisi\u00f3n &#8211;de Gobernaci\u00f3n, Puntos Constitucionales y Justicia&#8211; de la Comisi\u00f3n Permanente, inform\u00f3 que se analizar\u00e1 la propuesta del Ejecutivo para el nombramiento de integrantes del Tribunal Federal de Justicia Administrativa (TFJA), para que sean ratificados por un periodo inicial de diez a\u00f1os. [&hellip;]<\/p>\n","protected":false},"author":2,"featured_media":203644,"comment_status":"open","ping_status":"open","sticky":false,"template":"","format":"standard","meta":{"footnotes":""},"categories":[252],"tags":[],"class_list":{"0":"post-203638","1":"post","2":"type-post","3":"status-publish","4":"format-standard","5":"has-post-thumbnail","7":"category-nacionales"},"nelio_content":{"isAutoShareEnabled":true,"autoShareEndMode":"never","automationSources":{"useCustomSentences":false,"customSentences":[]},"followers":[],"suggestedReferences":[],"efiUrl":"","efiAlt":"","highlights":[],"permalinkQueryArgs":[],"series":[]},"_links":{"self":[{"href":"https:\/\/www.enteratever.com\/2023\/wp-json\/wp\/v2\/posts\/203638","targetHints":{"allow":["GET"]}}],"collection":[{"href":"https:\/\/www.enteratever.com\/2023\/wp-json\/wp\/v2\/posts"}],"about":[{"href":"https:\/\/www.enteratever.com\/2023\/wp-json\/wp\/v2\/types\/post"}],"author":[{"embeddable":true,"href":"https:\/\/www.enteratever.com\/2023\/wp-json\/wp\/v2\/users\/2"}],"replies":[{"embeddable":true,"href":"https:\/\/www.enteratever.com\/2023\/wp-json\/wp\/v2\/comments?post=203638"}],"version-history":[{"count":1,"href":"https:\/\/www.enteratever.com\/2023\/wp-json\/wp\/v2\/posts\/203638\/revisions"}],"predecessor-version":[{"id":203648,"href":"https:\/\/www.enteratever.com\/2023\/wp-json\/wp\/v2\/posts\/203638\/revisions\/203648"}],"wp:featuredmedia":[{"embeddable":true,"href":"https:\/\/www.enteratever.com\/2023\/wp-json\/wp\/v2\/media\/203644"}],"wp:attachment":[{"href":"https:\/\/www.enteratever.com\/2023\/wp-json\/wp\/v2\/media?parent=203638"}],"wp:term":[{"taxonomy":"category","embeddable":true,"href":"https:\/\/www.enteratever.com\/2023\/wp-json\/wp\/v2\/categories?post=203638"},{"taxonomy":"post_tag","embeddable":true,"href":"https:\/\/www.enteratever.com\/2023\/wp-json\/wp\/v2\/tags?post=203638"}],"curies":[{"name":"wp","href":"https:\/\/api.w.org\/{rel}","templated":true}]}}