{"id":203572,"date":"2024-01-15T13:36:45","date_gmt":"2024-01-15T19:36:45","guid":{"rendered":"https:\/\/www.enteratever.com\/2023\/?p=203572"},"modified":"2024-01-15T13:36:47","modified_gmt":"2024-01-15T19:36:47","slug":"fallece-enriqueta-tunon-pablos-historiadora-de-las-mujeres-y-sus-movimientos-politicos","status":"publish","type":"post","link":"https:\/\/www.enteratever.com\/2023\/2024\/01\/15\/fallece-enriqueta-tunon-pablos-historiadora-de-las-mujeres-y-sus-movimientos-politicos\/","title":{"rendered":"Fallece Enriqueta Tu\u00f1\u00f3n Pablos, historiadora de las mujeres y sus movimientos pol\u00edticos"},"content":{"rendered":"<p>Visitas: 16<\/p>\n<p>La Secretar\u00eda de Cultura de M\u00e9xico y el Instituto Nacional de Antropolog\u00eda e Historia (INAH) lamentan el fallecimiento de la historiadora Enriqueta Tu\u00f1\u00f3n Pablos (1945-2024), investigadora adscrita a la Direcci\u00f3n de Estudios Hist\u00f3ricos (DEH) del INAH y hermana de la investigadora em\u00e9rita de esta instituci\u00f3n, Julia Tu\u00f1\u00f3n Pablos.<\/p>\n\n\n\n<p>Enriqueta Tu\u00f1\u00f3n se dedic\u00f3 al estudio de la historia oral, el exilio espa\u00f1ol en M\u00e9xico y principalmente registr\u00f3 las luchas de las mujeres en el \u00e1mbito pol\u00edtico y social en M\u00e9xico, l\u00ednea de investigaci\u00f3n en la cual dej\u00f3 relevantes contribuciones.&nbsp;&nbsp;<\/p>\n\n\n\n<p>Naci\u00f3 el 6 de noviembre de 1945 en la Ciudad de M\u00e9xico, realiz\u00f3 estudios de licenciatura en Historia en la Facultad de Filosof\u00eda y Letras de la UNAM, donde posteriormente curs\u00f3 estudios doctorales y en 1997 present\u00f3 la tesis <em>El otorgamiento del sufragio femenino en M\u00e9xico<\/em>, trabajo que marc\u00f3 su inter\u00e9s por estudiar la lucha pol\u00edtica de las mujeres por el voto femenino, cuyos resultados alcanzaron la impresi\u00f3n de libros completos y diversos art\u00edculos en publicaciones especializadas.&nbsp;&nbsp;<\/p>\n\n\n\n<p>Entre sus art\u00edculos y libros se pueden mencionar los siguientes: \u201c<em>Tres momentos claves del movimiento sufragista en M\u00e9xico<\/em> (1917-1953)\u201d en la revista Sotavento, 1997; <em>La revoluci\u00f3n de las mujeres en M\u00e9xico<\/em>, INEHRM\/SEP 2002; <em>\u00a1Por fin\u2026 ya podemos elegir y ser electas!: el sufragio femenino en M\u00e9xico, 1935-1953<\/em>, INAH\/Plaza y Vald\u00e9s, 1998; \u201cLos movimientos de las mujeres en pro del sufragio en M\u00e9xico 1917 \u2013 1953\u201d, en la revista <em>Sotavento<\/em>, 1997; \u201cLa lucha pol\u00edtica de la mujer mexicana por el derecho al sufragio femenino y sus repercusiones\u201d; \u201cPresencia y transparencia: la mujer en la historia de M\u00e9xico\u201d, M\u00e9xico Piem-Colmex, 1987.<\/p>\n\n\n\n<p>Las investigaciones hist\u00f3ricas de Enriqueta Tu\u00f1\u00f3n Pablos tambi\u00e9n se enfocaron en otros temas fundamentales relacionados con la memoria del exilio espa\u00f1ol en M\u00e9xico, la historia oral y las instituciones educativas para las mujeres. Form\u00f3 parte de los proyectos fundadores del Archivo de la Palabra del INAH.&nbsp;<\/p>\n\n\n\n<p>En el libro <em>Varias voces, una historia<\/em>, primer y segundo volumen de la colecci\u00f3n resultado del Archivo de Historia Oral Refugiados Espa\u00f1oles en M\u00e9xico de la DEH, se integran 10 historias de mujeres con perfiles diversos, que a trav\u00e9s de sus palabras permiten observar, desde distintas perspectivas, el convulso ambiente de los a\u00f1os de la Guerra Civil espa\u00f1ola (1936-1939) y la dif\u00edcil adaptaci\u00f3n a un pa\u00eds extra\u00f1o. Muy pronto el INAH publicar\u00e1 el tercer volumen de la serie dedicado a los maestros del exilio espa\u00f1ol.&nbsp;<\/p>\n\n\n\n<p>Adem\u00e1s de ser investigadora, se desempe\u00f1\u00f3 como docente en materias relacionadas con la Historia de M\u00e9xico, asimismo fue titular de asignaturas sobre literatura hispanoamericana contempor\u00e1nea en la Facultad de Ingenier\u00eda de la UNAM.<\/p>\n","protected":false},"excerpt":{"rendered":"<p>Visitas: 16 La Secretar\u00eda de Cultura de M\u00e9xico y el Instituto Nacional de Antropolog\u00eda e Historia (INAH) lamentan el fallecimiento de la historiadora Enriqueta Tu\u00f1\u00f3n Pablos (1945-2024), investigadora adscrita a la Direcci\u00f3n de Estudios Hist\u00f3ricos (DEH) del INAH y hermana de la investigadora em\u00e9rita de esta instituci\u00f3n, Julia Tu\u00f1\u00f3n Pablos. Enriqueta Tu\u00f1\u00f3n se dedic\u00f3 al [&hellip;]<\/p>\n","protected":false},"author":2,"featured_media":203574,"comment_status":"open","ping_status":"open","sticky":false,"template":"","format":"standard","meta":{"footnotes":""},"categories":[252],"tags":[],"class_list":{"0":"post-203572","1":"post","2":"type-post","3":"status-publish","4":"format-standard","5":"has-post-thumbnail","7":"category-nacionales"},"nelio_content":{"isAutoShareEnabled":true,"autoShareEndMode":"never","automationSources":{"useCustomSentences":false,"customSentences":[]},"followers":[],"suggestedReferences":[],"efiUrl":"","efiAlt":"","highlights":[],"permalinkQueryArgs":[],"series":[]},"_links":{"self":[{"href":"https:\/\/www.enteratever.com\/2023\/wp-json\/wp\/v2\/posts\/203572","targetHints":{"allow":["GET"]}}],"collection":[{"href":"https:\/\/www.enteratever.com\/2023\/wp-json\/wp\/v2\/posts"}],"about":[{"href":"https:\/\/www.enteratever.com\/2023\/wp-json\/wp\/v2\/types\/post"}],"author":[{"embeddable":true,"href":"https:\/\/www.enteratever.com\/2023\/wp-json\/wp\/v2\/users\/2"}],"replies":[{"embeddable":true,"href":"https:\/\/www.enteratever.com\/2023\/wp-json\/wp\/v2\/comments?post=203572"}],"version-history":[{"count":1,"href":"https:\/\/www.enteratever.com\/2023\/wp-json\/wp\/v2\/posts\/203572\/revisions"}],"predecessor-version":[{"id":203575,"href":"https:\/\/www.enteratever.com\/2023\/wp-json\/wp\/v2\/posts\/203572\/revisions\/203575"}],"wp:featuredmedia":[{"embeddable":true,"href":"https:\/\/www.enteratever.com\/2023\/wp-json\/wp\/v2\/media\/203574"}],"wp:attachment":[{"href":"https:\/\/www.enteratever.com\/2023\/wp-json\/wp\/v2\/media?parent=203572"}],"wp:term":[{"taxonomy":"category","embeddable":true,"href":"https:\/\/www.enteratever.com\/2023\/wp-json\/wp\/v2\/categories?post=203572"},{"taxonomy":"post_tag","embeddable":true,"href":"https:\/\/www.enteratever.com\/2023\/wp-json\/wp\/v2\/tags?post=203572"}],"curies":[{"name":"wp","href":"https:\/\/api.w.org\/{rel}","templated":true}]}}