{"id":203555,"date":"2024-01-15T10:19:14","date_gmt":"2024-01-15T16:19:14","guid":{"rendered":"https:\/\/www.enteratever.com\/2023\/?p=203555"},"modified":"2024-01-15T10:32:20","modified_gmt":"2024-01-15T16:32:20","slug":"__trashed-7","status":"publish","type":"post","link":"https:\/\/www.enteratever.com\/2023\/2024\/01\/15\/__trashed-7\/","title":{"rendered":"Celebran el D\u00eda de Reyes Magos con los hijos de los elementos de Protecci\u00f3n Civil y Bomberos de Minatitl\u00e1n"},"content":{"rendered":"<p>Visitas: 0<\/p>\n<p>Minatitl\u00e1n, Ver. &#8211; El Gobierno Municipal, encabezado por la doctora Carmen Medel Palma, a trav\u00e9s del Sistema DIF Municipal, dirigido por la doctora Vianey del Carmen Cruz Medel, llev\u00f3 a cabo una emotiva celebraci\u00f3n con motivo del D\u00eda de Reyes Magos para los hijos de los valientes elementos de Protecci\u00f3n Civil y Bomberos.<\/p>\n\n\n\n<p>Con gran entusiasmo, los peque\u00f1os disfrutaron de juegos, brincolines adem\u00e1s recibieron juguetes y dulces. Tambi\u00e9n, se llev\u00f3 a cabo la tradicional actividad de romper pi\u00f1atas, generando momentos de alegr\u00eda y diversi\u00f3n para todos los presentes.<\/p>\n\n\n\n<p>El evento tambi\u00e9n brind\u00f3 la oportunidad al personal de Protecci\u00f3n Civil y Bomberos de compartir un momento especial con sus familias, fortaleciendo los lazos familiares y demostrando el compromiso del gobierno municipal con la integraci\u00f3n social y el valor de la familia.<\/p>\n","protected":false},"excerpt":{"rendered":"<p>Visitas: 0 Minatitl\u00e1n, Ver. &#8211; El Gobierno Municipal, encabezado por la doctora Carmen Medel Palma, a trav\u00e9s del Sistema DIF Municipal, dirigido por la doctora Vianey del Carmen Cruz Medel, llev\u00f3 a cabo una emotiva celebraci\u00f3n con motivo del D\u00eda de Reyes Magos para los hijos de los valientes elementos de Protecci\u00f3n Civil y Bomberos. [&hellip;]<\/p>\n","protected":false},"author":2,"featured_media":203557,"comment_status":"open","ping_status":"open","sticky":false,"template":"","format":"standard","meta":{"footnotes":""},"categories":[243,241],"tags":[],"class_list":{"0":"post-203555","1":"post","2":"type-post","3":"status-publish","4":"format-standard","5":"has-post-thumbnail","7":"category-minatitlan","8":"category-zona-sur"},"nelio_content":{"isAutoShareEnabled":true,"autoShareEndMode":"never","automationSources":{"useCustomSentences":false,"customSentences":[]},"followers":[],"suggestedReferences":[],"efiUrl":"","efiAlt":"","highlights":[],"permalinkQueryArgs":[],"series":[]},"_links":{"self":[{"href":"https:\/\/www.enteratever.com\/2023\/wp-json\/wp\/v2\/posts\/203555","targetHints":{"allow":["GET"]}}],"collection":[{"href":"https:\/\/www.enteratever.com\/2023\/wp-json\/wp\/v2\/posts"}],"about":[{"href":"https:\/\/www.enteratever.com\/2023\/wp-json\/wp\/v2\/types\/post"}],"author":[{"embeddable":true,"href":"https:\/\/www.enteratever.com\/2023\/wp-json\/wp\/v2\/users\/2"}],"replies":[{"embeddable":true,"href":"https:\/\/www.enteratever.com\/2023\/wp-json\/wp\/v2\/comments?post=203555"}],"version-history":[{"count":1,"href":"https:\/\/www.enteratever.com\/2023\/wp-json\/wp\/v2\/posts\/203555\/revisions"}],"predecessor-version":[{"id":203556,"href":"https:\/\/www.enteratever.com\/2023\/wp-json\/wp\/v2\/posts\/203555\/revisions\/203556"}],"wp:featuredmedia":[{"embeddable":true,"href":"https:\/\/www.enteratever.com\/2023\/wp-json\/wp\/v2\/media\/203557"}],"wp:attachment":[{"href":"https:\/\/www.enteratever.com\/2023\/wp-json\/wp\/v2\/media?parent=203555"}],"wp:term":[{"taxonomy":"category","embeddable":true,"href":"https:\/\/www.enteratever.com\/2023\/wp-json\/wp\/v2\/categories?post=203555"},{"taxonomy":"post_tag","embeddable":true,"href":"https:\/\/www.enteratever.com\/2023\/wp-json\/wp\/v2\/tags?post=203555"}],"curies":[{"name":"wp","href":"https:\/\/api.w.org\/{rel}","templated":true}]}}