{"id":203511,"date":"2024-01-12T12:18:00","date_gmt":"2024-01-12T18:18:00","guid":{"rendered":"https:\/\/www.enteratever.com\/2023\/?p=203511"},"modified":"2024-01-12T12:18:03","modified_gmt":"2024-01-12T18:18:03","slug":"amlo-anuncia-cuando-presentara-su-ultimo-paquete-de-reformas-constitucionales","status":"publish","type":"post","link":"https:\/\/www.enteratever.com\/2023\/2024\/01\/12\/amlo-anuncia-cuando-presentara-su-ultimo-paquete-de-reformas-constitucionales\/","title":{"rendered":"AMLO anuncia cu\u00e1ndo presentar\u00e1 su \u00faltimo paquete de reformas constitucionales"},"content":{"rendered":"<p>Visitas: 1<\/p>\n<p>El presidente mexicano, Andr\u00e9s Manuel L\u00f3pez Obrador, anunci\u00f3 este viernes que presentar\u00e1 el \u00faltimo paquete de pol\u00e9micas reformas constitucionales de su Gobierno el 5 de febrero, D\u00eda de la Constituci\u00f3n Mexicana, que incluyen las pensiones, el salario m\u00ednimo, las elecciones y el Poder Judicial.<\/p>\n\n\n\n<p>\u00abVoy a presentar ese d\u00eda todas las iniciativas de reforma a la Constituci\u00f3n, aqu\u00ed (en la capital mexicana), es un paquete de iniciativas que tiene que ver con el bienestar, con salarios, con pensiones, con la reforma al Poder Judicial, la reforma electoral, la democracia, todo, el d\u00eda 5 de febrero\u00bb, revel\u00f3 en su rueda de prensa matutina|.<\/p>\n\n\n\n<p>Este ser\u00e1 el \u00faltimo paquete de iniciativas constitucionales que enviar\u00e1 antes de concluir su mandato en octubre L\u00f3pez Obrador, quien espera que su alianza de partidos recupere la mayor\u00eda de dos tercios del Congreso que se requiere para modificar la carta magna y que perdi\u00f3 en las elecciones intermedias de 2021.<\/p>\n\n\n\n<p>El mandatario destac\u00f3 que sus propuestas buscan erradicar las reformas del \u00abperiodo neoliberal\u00bb, al destacar la iniciativa para que el salario m\u00ednimo suba siempre por encima de la inflaci\u00f3n y la transformaci\u00f3n del sistema de pensiones para que los trabajadores se jubilen con su salario completo.<\/p>\n\n\n\n<p>\u00abQue podamos reivindicar a los trabajadores, luego de esas reformas que aprobaron en el periodo neoliberal, que son contrarias a los derechos laborales, no s\u00e9 c\u00f3mo se aprob\u00f3 eso, esa reforma de pensiones, donde un trabajador termina su vida laboral y su pensi\u00f3n no es ni siquiera la mitad de su sueldo\u201d, apunt\u00f3.<\/p>\n\n\n\n<p>Aunque no detall\u00f3 el resto, en eventos previos ha anunciado la reforma constitucional para que los ciudadanos elijan con voto directo a los jueces, magistrados, y a los ministros de la Suprema Corte de Justicia de la Naci\u00f3n (SCJN).<\/p>\n\n\n\n<p>Sobre elecciones, ha propuesto transformar el Instituto Nacional Electoral (INE), el organismo aut\u00f3nomo que surgi\u00f3 para quitarle el control de las elecciones al Gobierno, y que \u00abel pueblo\u00bb tambi\u00e9n elija a los consejeros del organismo y a los magistrados del Tribunal Electoral del Poder Judicial de la Federaci\u00f3n (TEPJF).<\/p>\n\n\n\n<p>Asimismo, ha dicho antes que insistir\u00e1 en otras iniciativas que ya fracasaron en el Congreso, que cambiar\u00e1 su configuraci\u00f3n el 1 de septiembre tras las elecciones del 2 de junio.<\/p>\n\n\n\n<p>Entre ellas est\u00e1n trasladar al Ej\u00e9rcito el control de la Guardia Nacional, un cuerpo de seguridad que cre\u00f3 en 2019 con la promesa de mantenerlo civil, y una iniciativa el\u00e9ctrica para contrarrestar la reforma que abri\u00f3 a la inversi\u00f3n privada el sector energ\u00e9tico en el sexenio de Enrique Pe\u00f1a Nieto (2012-2018).<\/p>\n\n\n\n<p>\u00abEs un paquete de reformas importantes, en beneficio del pueblo de M\u00e9xico, es lo que, pensamos nosotros, va a ayudar a tener un marco jur\u00eddico acorde a los nuevos tiempos, que facilite el que siga avanzando el proceso de transformaci\u00f3n\u00bb, expuso.<\/p>\n\n\n\n<p>XEU<\/p>\n","protected":false},"excerpt":{"rendered":"<p>Visitas: 1 El presidente mexicano, Andr\u00e9s Manuel L\u00f3pez Obrador, anunci\u00f3 este viernes que presentar\u00e1 el \u00faltimo paquete de pol\u00e9micas reformas constitucionales de su Gobierno el 5 de febrero, D\u00eda de la Constituci\u00f3n Mexicana, que incluyen las pensiones, el salario m\u00ednimo, las elecciones y el Poder Judicial. \u00abVoy a presentar ese d\u00eda todas las iniciativas de [&hellip;]<\/p>\n","protected":false},"author":2,"featured_media":203513,"comment_status":"open","ping_status":"open","sticky":false,"template":"","format":"standard","meta":{"footnotes":""},"categories":[252],"tags":[],"class_list":{"0":"post-203511","1":"post","2":"type-post","3":"status-publish","4":"format-standard","5":"has-post-thumbnail","7":"category-nacionales"},"nelio_content":{"isAutoShareEnabled":true,"autoShareEndMode":"never","automationSources":{"useCustomSentences":false,"customSentences":[]},"followers":[],"suggestedReferences":[],"efiUrl":"","efiAlt":"","highlights":[],"permalinkQueryArgs":[],"series":[]},"_links":{"self":[{"href":"https:\/\/www.enteratever.com\/2023\/wp-json\/wp\/v2\/posts\/203511","targetHints":{"allow":["GET"]}}],"collection":[{"href":"https:\/\/www.enteratever.com\/2023\/wp-json\/wp\/v2\/posts"}],"about":[{"href":"https:\/\/www.enteratever.com\/2023\/wp-json\/wp\/v2\/types\/post"}],"author":[{"embeddable":true,"href":"https:\/\/www.enteratever.com\/2023\/wp-json\/wp\/v2\/users\/2"}],"replies":[{"embeddable":true,"href":"https:\/\/www.enteratever.com\/2023\/wp-json\/wp\/v2\/comments?post=203511"}],"version-history":[{"count":1,"href":"https:\/\/www.enteratever.com\/2023\/wp-json\/wp\/v2\/posts\/203511\/revisions"}],"predecessor-version":[{"id":203516,"href":"https:\/\/www.enteratever.com\/2023\/wp-json\/wp\/v2\/posts\/203511\/revisions\/203516"}],"wp:featuredmedia":[{"embeddable":true,"href":"https:\/\/www.enteratever.com\/2023\/wp-json\/wp\/v2\/media\/203513"}],"wp:attachment":[{"href":"https:\/\/www.enteratever.com\/2023\/wp-json\/wp\/v2\/media?parent=203511"}],"wp:term":[{"taxonomy":"category","embeddable":true,"href":"https:\/\/www.enteratever.com\/2023\/wp-json\/wp\/v2\/categories?post=203511"},{"taxonomy":"post_tag","embeddable":true,"href":"https:\/\/www.enteratever.com\/2023\/wp-json\/wp\/v2\/tags?post=203511"}],"curies":[{"name":"wp","href":"https:\/\/api.w.org\/{rel}","templated":true}]}}