{"id":203503,"date":"2024-01-12T12:11:43","date_gmt":"2024-01-12T18:11:43","guid":{"rendered":"https:\/\/www.enteratever.com\/2023\/?p=203503"},"modified":"2024-01-12T12:11:45","modified_gmt":"2024-01-12T18:11:45","slug":"amlo-preve-acabar-su-sexenio-con-un-crecimiento-promedio-del-pib-del-1-3-anual","status":"publish","type":"post","link":"https:\/\/www.enteratever.com\/2023\/2024\/01\/12\/amlo-preve-acabar-su-sexenio-con-un-crecimiento-promedio-del-pib-del-1-3-anual\/","title":{"rendered":"AMLO prev\u00e9 acabar su sexenio con un crecimiento promedio del PIB del 1.3 % anual"},"content":{"rendered":"<p>Visitas: 0<\/p>\n<p>El presidente mexicano,&nbsp;<strong>Andr\u00e9s Manuel L\u00f3pez Obrador, previ\u00f3&nbsp;<\/strong>este viernes que la econom\u00eda crecer\u00e1 un 3,5 % este 2024, con lo&nbsp;<strong>que \u00e9l acabar\u00eda su sexenio con un incremento promedio del 1,3 %<\/strong>&nbsp;cada a\u00f1o pese a la contracci\u00f3n hist\u00f3rica de 8,8 % que dej\u00f3 la pandemia de covid-19 en 2020.<\/p>\n\n\n\n<p>\u201cTengo mi pron\u00f3stico de que, a pesar de la pandemia, esta terrible tragedia, vamos a logar un crecimiento anual en el sexenio de 1,3 %, que va a ser una haza\u00f1a\u201d, declar\u00f3 en su conferencia matutina el mandatario, quien comenz\u00f3 su gesti\u00f3n en diciembre de 2018 y la termina en octubre pr\u00f3ximo.<\/p>\n\n\n\n<p>El producto interior bruto (PIB) de M\u00e9xico creci\u00f3 un 2,1 % en 2018, pero se contrajo un 0,3 % en 2019, el primer a\u00f1o de la presidencia de L\u00f3pez Obrador, seg\u00fan las cifras actualizadas del Instituto Nacional de Estad\u00edstica y Geograf\u00eda (Inegi).<\/p>\n\n\n\n<p><strong>M\u00e9xico fue uno de los pa\u00edses de Latinoam\u00e9rica que tard\u00f3 m\u00e1s en recuperar su PIB tras la pandemia de covid-19<\/strong>, pero en 2021 su econom\u00eda repunt\u00f3 un 6,1 % y en 2022 un 3,9 %.<\/p>\n\n\n\n<p>La econom\u00eda se elev\u00f3 un 3,4 % hasta el tercer trimestre de 2023, pero L\u00f3pez Obrador confi\u00f3 en un incremento del 3,5 % cuando el Inegi reporte su primera estimaci\u00f3n oportuna el 30 de enero.<\/p>\n\n\n\n<p>\u201cYo no veo nada que nos pueda afectar, nada, nada, la econom\u00eda est\u00e1 bien, vamos a seguir creciendo, mi pron\u00f3stico es que vamos a crecer este a\u00f1o 3,5 %, eso fue lo que dije del a\u00f1o pasado\u00bb, indic\u00f3.<\/p>\n\n\n\n<p>Aunque analistas han advertido de riesgos para la econom\u00eda mexicana porque este a\u00f1o coinciden las elecciones de M\u00e9xico y Estados Unidos, donde el expresidente Donald Trump (2017-2021) podr\u00eda volver al poder, el gobernante mexicano rechaz\u00f3 peligros.<\/p>\n\n\n\n<p>\u201c<strong>Veo bien la econom\u00eda del pa\u00eds, afortunadamente, no vemos ning\u00fan riesgo en lo interno, tampoco ning\u00fan factor externo<\/strong>&nbsp;que pueda llevarnos a una crisis en lo econ\u00f3mico, pero, desde luego, no sabemos, qui\u00e9n iba a imaginar lo de la pandemia\u00bb, coment\u00f3.<\/p>\n\n\n\n<p>El presidente critic\u00f3 a los analistas, bancos y organismos internacionales por pronosticar que M\u00e9xico crecer\u00e1 entre el 2 % y el 2,5 % este 2024, al argumentar que \u00absiempre\u00bb comienzan el a\u00f1o con proyecciones bajas y las suben conforme avanza el tiempo.<\/p>\n\n\n\n<p>\u00abLos economistas, los t\u00e9cnicos, todav\u00eda con influencia del modelo neoliberal, son muy pesimistas. No s\u00e9 si dan cuenta c\u00f3mo se manejan los pron\u00f3sticos de crecimiento, c\u00f3mo empiezan\u00bb, apunt\u00f3.<\/p>\n","protected":false},"excerpt":{"rendered":"<p>Visitas: 0 El presidente mexicano,&nbsp;Andr\u00e9s Manuel L\u00f3pez Obrador, previ\u00f3&nbsp;este viernes que la econom\u00eda crecer\u00e1 un 3,5 % este 2024, con lo&nbsp;que \u00e9l acabar\u00eda su sexenio con un incremento promedio del 1,3 %&nbsp;cada a\u00f1o pese a la contracci\u00f3n hist\u00f3rica de 8,8 % que dej\u00f3 la pandemia de covid-19 en 2020. \u201cTengo mi pron\u00f3stico de que, a [&hellip;]<\/p>\n","protected":false},"author":2,"featured_media":203506,"comment_status":"open","ping_status":"open","sticky":false,"template":"","format":"standard","meta":{"footnotes":""},"categories":[252],"tags":[],"class_list":{"0":"post-203503","1":"post","2":"type-post","3":"status-publish","4":"format-standard","5":"has-post-thumbnail","7":"category-nacionales"},"nelio_content":{"isAutoShareEnabled":true,"autoShareEndMode":"never","automationSources":{"useCustomSentences":false,"customSentences":[]},"followers":[],"suggestedReferences":[],"efiUrl":"","efiAlt":"","highlights":[],"permalinkQueryArgs":[],"series":[]},"_links":{"self":[{"href":"https:\/\/www.enteratever.com\/2023\/wp-json\/wp\/v2\/posts\/203503","targetHints":{"allow":["GET"]}}],"collection":[{"href":"https:\/\/www.enteratever.com\/2023\/wp-json\/wp\/v2\/posts"}],"about":[{"href":"https:\/\/www.enteratever.com\/2023\/wp-json\/wp\/v2\/types\/post"}],"author":[{"embeddable":true,"href":"https:\/\/www.enteratever.com\/2023\/wp-json\/wp\/v2\/users\/2"}],"replies":[{"embeddable":true,"href":"https:\/\/www.enteratever.com\/2023\/wp-json\/wp\/v2\/comments?post=203503"}],"version-history":[{"count":1,"href":"https:\/\/www.enteratever.com\/2023\/wp-json\/wp\/v2\/posts\/203503\/revisions"}],"predecessor-version":[{"id":203508,"href":"https:\/\/www.enteratever.com\/2023\/wp-json\/wp\/v2\/posts\/203503\/revisions\/203508"}],"wp:featuredmedia":[{"embeddable":true,"href":"https:\/\/www.enteratever.com\/2023\/wp-json\/wp\/v2\/media\/203506"}],"wp:attachment":[{"href":"https:\/\/www.enteratever.com\/2023\/wp-json\/wp\/v2\/media?parent=203503"}],"wp:term":[{"taxonomy":"category","embeddable":true,"href":"https:\/\/www.enteratever.com\/2023\/wp-json\/wp\/v2\/categories?post=203503"},{"taxonomy":"post_tag","embeddable":true,"href":"https:\/\/www.enteratever.com\/2023\/wp-json\/wp\/v2\/tags?post=203503"}],"curies":[{"name":"wp","href":"https:\/\/api.w.org\/{rel}","templated":true}]}}