{"id":203502,"date":"2024-01-12T12:11:55","date_gmt":"2024-01-12T18:11:55","guid":{"rendered":"https:\/\/www.enteratever.com\/2023\/?p=203502"},"modified":"2024-01-12T12:11:58","modified_gmt":"2024-01-12T18:11:58","slug":"amlo-no-asistira-a-toma-de-posesion-de-bernardo-arevalo-en-guatemala","status":"publish","type":"post","link":"https:\/\/www.enteratever.com\/2023\/2024\/01\/12\/amlo-no-asistira-a-toma-de-posesion-de-bernardo-arevalo-en-guatemala\/","title":{"rendered":"AMLO no asistir\u00e1 a toma de posesi\u00f3n de Bernardo Ar\u00e9valo en Guatemala"},"content":{"rendered":"<p>Visitas: 1<\/p>\n<p>El presidente mexicano, Andr\u00e9s Manuel L\u00f3pez Obrador, declin\u00f3 este viernes su asistencia a la investidura el pr\u00f3ximo domingo del nuevo mandatario de Guatemala, Bernardo Ar\u00e9valo, pese a haberle expresado antes su apoyo ante los fiscales guatemaltecos que han obstaculizado su llegada al poder.<br><br>\u201cNo voy a asistir a Guatemala, va en nuestra representaci\u00f3n Alicia B\u00e1rcena, la secretaria de Relaciones (Exteriores)\u00bb, declar\u00f3 el mandatario en su rueda de prensa matutina.<br><br>\u00abQu\u00e9 bien que me preguntan porque me dan la oportunidad de enviar un saludo muy fraterno a nuestros hermanos guatemaltecos, mujeres y hombres, felicitarlos por haber resuelto en los mejores t\u00e9rminos, con el m\u00e9todo democr\u00e1tico, la transici\u00f3n del Gobierno\u00bb, a\u00f1adi\u00f3.<br><br>Su inasistencia ocurrir\u00e1 pese a que el Ministerio de Relaciones Exteriores guatemalteco detall\u00f3 el 4 de enero que L\u00f3pez Obrador acudir\u00eda, adem\u00e1s de otros 10 jefes de Estado, como el rey de Espa\u00f1a, Felipe VI, y los mandatarios de Chile, Costa Rica, Honduras, Colombia, Paraguay, Ecuador, Panam\u00e1, Belice y Aruba.<br><br>L\u00f3pez Obrador, quien solo ha realizado siete giras al exterior en sus casi seis a\u00f1os de mandato, la mayor\u00eda a Estados Unidos, argument\u00f3 que tiene \u00abmucho trabajo\u00bb porque este es el \u00faltimo a\u00f1o de su Gobierno, que termina en octubre.<br><br>\u00abYo tengo mucho trabajo en el pa\u00eds porque ya me quedan ocho meses y unos d\u00edas, y estamos terminando obras porque no queremos dejar obras en proceso, inconclusas\u00bb, justific\u00f3.<br><br>El gobernante mexicano reiter\u00f3 su apoyo a Ar\u00e9valo, quien gan\u00f3 las elecciones en agosto pasado y, desde entonces, el Ministerio P\u00fablico ha buscado con casos judiciales impedir su investidura y la de su vicepresidenta, Karin Herrera.<br><br>En medio de los rumores de que la Fiscal\u00eda podr\u00eda arrestar a Herrera, la Corte Constitucional de Guatemala alert\u00f3 este jueves contra esa posibilidad.<br><br>El presidente de M\u00e9xico se mostr\u00f3 convencido de que Ar\u00e9valo asumir\u00e1 el Gobierno el pr\u00f3ximo domingo.<br><br>\u00abEst\u00e1bamos pendientes de la situaci\u00f3n de Guatemala, afortunadamente se resolvi\u00f3 respetando la voluntad del pueblo de Guatemala, y va a tomar posesi\u00f3n Bernardo Ar\u00e9valo, que es un hombre serio, responsable, progresista. Le aseguro, creo fielmente, que le va a ir muy bien al pueblo hermano de Guatemala\u00bb, expres\u00f3.<br><br>Ar\u00e9valo asumir\u00e1 en un momento en el que la frontera entre M\u00e9xico y Guatemala ha sido epicentro del flujo migratorio \u00absin precedentes\u00bb de Centroam\u00e9rica en 2023, como advirti\u00f3 la Organizaci\u00f3n Internacional para las Migraciones (OIM), que a inicios de noviembre se\u00f1al\u00f3 un incremento anual de m\u00e1s del 60 % de la migraci\u00f3n irregular que atraves\u00f3 territorio mexicano.\u00a0<\/p>\n\n\n\n<p>XEU<\/p>\n","protected":false},"excerpt":{"rendered":"<p>Visitas: 1 El presidente mexicano, Andr\u00e9s Manuel L\u00f3pez Obrador, declin\u00f3 este viernes su asistencia a la investidura el pr\u00f3ximo domingo del nuevo mandatario de Guatemala, Bernardo Ar\u00e9valo, pese a haberle expresado antes su apoyo ante los fiscales guatemaltecos que han obstaculizado su llegada al poder. \u201cNo voy a asistir a Guatemala, va en nuestra representaci\u00f3n [&hellip;]<\/p>\n","protected":false},"author":2,"featured_media":203505,"comment_status":"open","ping_status":"open","sticky":false,"template":"","format":"standard","meta":{"footnotes":""},"categories":[252],"tags":[],"class_list":{"0":"post-203502","1":"post","2":"type-post","3":"status-publish","4":"format-standard","5":"has-post-thumbnail","7":"category-nacionales"},"nelio_content":{"isAutoShareEnabled":true,"autoShareEndMode":"never","automationSources":{"useCustomSentences":false,"customSentences":[]},"followers":[],"suggestedReferences":[],"efiUrl":"","efiAlt":"","highlights":[],"permalinkQueryArgs":[],"series":[]},"_links":{"self":[{"href":"https:\/\/www.enteratever.com\/2023\/wp-json\/wp\/v2\/posts\/203502","targetHints":{"allow":["GET"]}}],"collection":[{"href":"https:\/\/www.enteratever.com\/2023\/wp-json\/wp\/v2\/posts"}],"about":[{"href":"https:\/\/www.enteratever.com\/2023\/wp-json\/wp\/v2\/types\/post"}],"author":[{"embeddable":true,"href":"https:\/\/www.enteratever.com\/2023\/wp-json\/wp\/v2\/users\/2"}],"replies":[{"embeddable":true,"href":"https:\/\/www.enteratever.com\/2023\/wp-json\/wp\/v2\/comments?post=203502"}],"version-history":[{"count":1,"href":"https:\/\/www.enteratever.com\/2023\/wp-json\/wp\/v2\/posts\/203502\/revisions"}],"predecessor-version":[{"id":203509,"href":"https:\/\/www.enteratever.com\/2023\/wp-json\/wp\/v2\/posts\/203502\/revisions\/203509"}],"wp:featuredmedia":[{"embeddable":true,"href":"https:\/\/www.enteratever.com\/2023\/wp-json\/wp\/v2\/media\/203505"}],"wp:attachment":[{"href":"https:\/\/www.enteratever.com\/2023\/wp-json\/wp\/v2\/media?parent=203502"}],"wp:term":[{"taxonomy":"category","embeddable":true,"href":"https:\/\/www.enteratever.com\/2023\/wp-json\/wp\/v2\/categories?post=203502"},{"taxonomy":"post_tag","embeddable":true,"href":"https:\/\/www.enteratever.com\/2023\/wp-json\/wp\/v2\/tags?post=203502"}],"curies":[{"name":"wp","href":"https:\/\/api.w.org\/{rel}","templated":true}]}}