{"id":203497,"date":"2024-01-12T11:09:25","date_gmt":"2024-01-12T17:09:25","guid":{"rendered":"https:\/\/www.enteratever.com\/2023\/?p=203497"},"modified":"2024-01-12T11:09:27","modified_gmt":"2024-01-12T17:09:27","slug":"plantean-eliminar-el-cobro-del-iva-en-la-tarifa-electrica-domestica","status":"publish","type":"post","link":"https:\/\/www.enteratever.com\/2023\/2024\/01\/12\/plantean-eliminar-el-cobro-del-iva-en-la-tarifa-electrica-domestica\/","title":{"rendered":"Plantean eliminar el cobro del IVA en la tarifa el\u00e9ctrica dom\u00e9stica"},"content":{"rendered":"<p>Visitas: 3<\/p>\n<p>El diputado Mario Alberto Rodr\u00edguez Carrillo (MC) plante\u00f3 adicionar la fracci\u00f3n XVII al art\u00edculo 15 de la Ley del Impuesto al Valor Agregado con el objeto de eliminar el cobro del IVA en la tarifa el\u00e9ctrica dom\u00e9stica.<\/p>\n\n\n\n<p>La iniciativa, que se analiza en la Comisi\u00f3n de Hacienda y Cr\u00e9dito P\u00fablico, establece que no se pagar\u00e1 el Impuesto por la prestaci\u00f3n en el servicio p\u00fablico de energ\u00eda el\u00e9ctrica en los diferentes tipos de consumo comprendidos en la tarifa dom\u00e9stica.<\/p>\n\n\n\n<p>Expone que la energ\u00eda el\u00e9ctrica de uso dom\u00e9stico no debe ser susceptible del cobro del IVA, ya que es un servicio p\u00fablico indispensable para la vida diaria de las personas.<\/p>\n\n\n\n<p>Afirma que al garantizar el acceso equitativo de este servicio se promueve la igualdad de oportunidades para todos los ciudadanos, independientemente de su origen socioecon\u00f3mico.<\/p>\n\n\n\n<p>Subraya que la misi\u00f3n de la Comisi\u00f3n Federal de Electricidad (CFE) es suministrar insumos y bienes energ\u00e9ticos requeridos para el desarrollo productivo y social del pa\u00eds de forma eficiente, sustentable, econ\u00f3mica e incluyente, mediante una pol\u00edtica que priorice la seguridad y la soberan\u00eda energ\u00e9tica nacional y fortalezca el servicio p\u00fablico de electricidad.<\/p>\n\n\n\n<p>El acceso a un servicio el\u00e9ctrico confiable y asequible es crucial para el desarrollo socioecon\u00f3mico de una comunidad; coadyuva en la productividad de los negocios, mejora la calidad de vida e impulsa el desarrollo econ\u00f3mico y tecnol\u00f3gico de las naciones, ya que facilita la producci\u00f3n de bienes y servicios, agrega.<\/p>\n\n\n\n<p>Puntualiza que el derecho a este servicio es una garant\u00eda fundamental que busca asegurar que todos los ciudadanos tengan acceso a servicios esenciales.<\/p>\n\n\n\n<p>El acceso equitativo a los servicios p\u00fablicos significa que no debe haber discriminaci\u00f3n en su provisi\u00f3n, y que todas las personas, sin importar su origen \u00e9tnico, g\u00e9nero, nivel socioecon\u00f3mico, ubicaci\u00f3n geogr\u00e1fica u otras caracter\u00edsticas, deben tener las mismas oportunidades de acceder a ellos.<\/p>\n\n\n\n<p>Es importante, a\u00f1ade, que el derecho a los servicios p\u00fablicos no implica que todos sean gratuitos, ya que su financiamiento puede provenir de impuestos u otras fuentes; sin embargo, los servicios deben ser asequibles, es decir que su costo no debe ser prohibitivo y debe estar acorde con la capacidad econ\u00f3mica de las personas.<\/p>\n\n\n\n<p>Destaca que el uso de la energ\u00eda el\u00e9ctrica es vital para todas las personas; por ello, la iniciativa propone exentar el cobro del IVA al servicio p\u00fablico en los diferentes tipos de consumo comprendidos en la tarifa dom\u00e9stica, con el fin de apoyar y beneficiar a millones de mexicanas y mexicanos.<\/p>\n","protected":false},"excerpt":{"rendered":"<p>Visitas: 3 El diputado Mario Alberto Rodr\u00edguez Carrillo (MC) plante\u00f3 adicionar la fracci\u00f3n XVII al art\u00edculo 15 de la Ley del Impuesto al Valor Agregado con el objeto de eliminar el cobro del IVA en la tarifa el\u00e9ctrica dom\u00e9stica. La iniciativa, que se analiza en la Comisi\u00f3n de Hacienda y Cr\u00e9dito P\u00fablico, establece que no [&hellip;]<\/p>\n","protected":false},"author":2,"featured_media":203499,"comment_status":"open","ping_status":"open","sticky":false,"template":"","format":"standard","meta":{"footnotes":""},"categories":[252],"tags":[],"class_list":{"0":"post-203497","1":"post","2":"type-post","3":"status-publish","4":"format-standard","5":"has-post-thumbnail","7":"category-nacionales"},"nelio_content":{"isAutoShareEnabled":true,"autoShareEndMode":"never","automationSources":{"useCustomSentences":false,"customSentences":[]},"followers":[],"suggestedReferences":[],"efiUrl":"","efiAlt":"","highlights":[],"permalinkQueryArgs":[],"series":[]},"_links":{"self":[{"href":"https:\/\/www.enteratever.com\/2023\/wp-json\/wp\/v2\/posts\/203497","targetHints":{"allow":["GET"]}}],"collection":[{"href":"https:\/\/www.enteratever.com\/2023\/wp-json\/wp\/v2\/posts"}],"about":[{"href":"https:\/\/www.enteratever.com\/2023\/wp-json\/wp\/v2\/types\/post"}],"author":[{"embeddable":true,"href":"https:\/\/www.enteratever.com\/2023\/wp-json\/wp\/v2\/users\/2"}],"replies":[{"embeddable":true,"href":"https:\/\/www.enteratever.com\/2023\/wp-json\/wp\/v2\/comments?post=203497"}],"version-history":[{"count":1,"href":"https:\/\/www.enteratever.com\/2023\/wp-json\/wp\/v2\/posts\/203497\/revisions"}],"predecessor-version":[{"id":203500,"href":"https:\/\/www.enteratever.com\/2023\/wp-json\/wp\/v2\/posts\/203497\/revisions\/203500"}],"wp:featuredmedia":[{"embeddable":true,"href":"https:\/\/www.enteratever.com\/2023\/wp-json\/wp\/v2\/media\/203499"}],"wp:attachment":[{"href":"https:\/\/www.enteratever.com\/2023\/wp-json\/wp\/v2\/media?parent=203497"}],"wp:term":[{"taxonomy":"category","embeddable":true,"href":"https:\/\/www.enteratever.com\/2023\/wp-json\/wp\/v2\/categories?post=203497"},{"taxonomy":"post_tag","embeddable":true,"href":"https:\/\/www.enteratever.com\/2023\/wp-json\/wp\/v2\/tags?post=203497"}],"curies":[{"name":"wp","href":"https:\/\/api.w.org\/{rel}","templated":true}]}}