{"id":203470,"date":"2024-01-12T09:22:52","date_gmt":"2024-01-12T15:22:52","guid":{"rendered":"https:\/\/www.enteratever.com\/2023\/?p=203470"},"modified":"2024-01-12T09:22:54","modified_gmt":"2024-01-12T15:22:54","slug":"carmen-medel-entrega-ambulancia-cumpliendo-con-la-seguridad-y-bienestar-de-los-ciudadanos","status":"publish","type":"post","link":"https:\/\/www.enteratever.com\/2023\/2024\/01\/12\/carmen-medel-entrega-ambulancia-cumpliendo-con-la-seguridad-y-bienestar-de-los-ciudadanos\/","title":{"rendered":"Carmen Medel entrega ambulancia cumpliendo con la Seguridad y Bienestar de los ciudadanos"},"content":{"rendered":"<p>Visitas: 3<\/p>\n<p>Minatitl\u00e1n, Ver. &#8211; La presidenta municipal de Minatitl\u00e1n, Carmen Medel , quien adem\u00e1s es doctora de profesi\u00f3n, reconoce la importancia de contar con las herramientas necesarias para brindar una respuesta inmediata a la ciudadan\u00eda. En este sentido, recientemente realiz\u00f3 la entrega de una ambulancia a la Direcci\u00f3n de Protecci\u00f3n Civil del municipio.<\/p>\n\n\n\n<p>Medel Palma expres\u00f3 su satisfacci\u00f3n al anunciar que a partir de 2024, los ciudadanos contar\u00e1n con esta nueva unidad, la cual fue adquirida con recursos propios y est\u00e1 equipada para atender las necesidades de la poblaci\u00f3n. Asimismo, hizo un llamado al personal encargado de hacer buen uso de esta ambulancia e invit\u00f3 a la poblaci\u00f3n a comunicarse al tel\u00e9fono 922 223 4999 en caso de emergencia.<\/p>\n\n\n\n<p>La alcaldesa enfatiz\u00f3 que Minatitl\u00e1n es un municipio en constante crecimiento y transformaci\u00f3n, comprometido con ofrecer m\u00e1s y mejores servicios a sus habitantes. Adem\u00e1s, resalt\u00f3 que esta es la segunda ambulancia en servicio, ya que la primera se encuentra en comodato con el Gobierno del Estado.<\/p>\n\n\n\n<p>Con una bandera en mano, Medel Palma dio salida a esta ambulancia, simbolizando as\u00ed la operatividad y disponibilidad del servicio de emergencia. Esta acci\u00f3n refleja el compromiso del gobierno municipal por garantizar la seguridad y bienestar de todos los ciudadanos.<\/p>\n","protected":false},"excerpt":{"rendered":"<p>Visitas: 3 Minatitl\u00e1n, Ver. &#8211; La presidenta municipal de Minatitl\u00e1n, Carmen Medel , quien adem\u00e1s es doctora de profesi\u00f3n, reconoce la importancia de contar con las herramientas necesarias para brindar una respuesta inmediata a la ciudadan\u00eda. En este sentido, recientemente realiz\u00f3 la entrega de una ambulancia a la Direcci\u00f3n de Protecci\u00f3n Civil del municipio. Medel [&hellip;]<\/p>\n","protected":false},"author":2,"featured_media":203473,"comment_status":"open","ping_status":"open","sticky":false,"template":"","format":"standard","meta":{"footnotes":""},"categories":[243,241],"tags":[],"class_list":{"0":"post-203470","1":"post","2":"type-post","3":"status-publish","4":"format-standard","5":"has-post-thumbnail","7":"category-minatitlan","8":"category-zona-sur"},"nelio_content":{"isAutoShareEnabled":true,"autoShareEndMode":"never","automationSources":{"useCustomSentences":false,"customSentences":[]},"followers":[],"suggestedReferences":[],"efiUrl":"","efiAlt":"","highlights":[],"permalinkQueryArgs":[],"series":[]},"_links":{"self":[{"href":"https:\/\/www.enteratever.com\/2023\/wp-json\/wp\/v2\/posts\/203470","targetHints":{"allow":["GET"]}}],"collection":[{"href":"https:\/\/www.enteratever.com\/2023\/wp-json\/wp\/v2\/posts"}],"about":[{"href":"https:\/\/www.enteratever.com\/2023\/wp-json\/wp\/v2\/types\/post"}],"author":[{"embeddable":true,"href":"https:\/\/www.enteratever.com\/2023\/wp-json\/wp\/v2\/users\/2"}],"replies":[{"embeddable":true,"href":"https:\/\/www.enteratever.com\/2023\/wp-json\/wp\/v2\/comments?post=203470"}],"version-history":[{"count":1,"href":"https:\/\/www.enteratever.com\/2023\/wp-json\/wp\/v2\/posts\/203470\/revisions"}],"predecessor-version":[{"id":203474,"href":"https:\/\/www.enteratever.com\/2023\/wp-json\/wp\/v2\/posts\/203470\/revisions\/203474"}],"wp:featuredmedia":[{"embeddable":true,"href":"https:\/\/www.enteratever.com\/2023\/wp-json\/wp\/v2\/media\/203473"}],"wp:attachment":[{"href":"https:\/\/www.enteratever.com\/2023\/wp-json\/wp\/v2\/media?parent=203470"}],"wp:term":[{"taxonomy":"category","embeddable":true,"href":"https:\/\/www.enteratever.com\/2023\/wp-json\/wp\/v2\/categories?post=203470"},{"taxonomy":"post_tag","embeddable":true,"href":"https:\/\/www.enteratever.com\/2023\/wp-json\/wp\/v2\/tags?post=203470"}],"curies":[{"name":"wp","href":"https:\/\/api.w.org\/{rel}","templated":true}]}}