{"id":203425,"date":"2024-01-11T14:36:20","date_gmt":"2024-01-11T20:36:20","guid":{"rendered":"https:\/\/www.enteratever.com\/2023\/?p=203425"},"modified":"2024-01-11T14:36:23","modified_gmt":"2024-01-11T20:36:23","slug":"alcalde-confirma-la-llegada-juventino-badillo-suarez-como-comandante-de-la-policia-municipal-de-poza-rica","status":"publish","type":"post","link":"https:\/\/www.enteratever.com\/2023\/2024\/01\/11\/alcalde-confirma-la-llegada-juventino-badillo-suarez-como-comandante-de-la-policia-municipal-de-poza-rica\/","title":{"rendered":"Alcalde confirma la llegada Juventino Badillo Su\u00e1rez como comandante de la Polic\u00eda Municipal de Poza Rica"},"content":{"rendered":"<p>Visitas: 32<\/p>\n<p>El alcalde Fernando Remes Garza, hizo oficial la llegada Juventino Badillo Su\u00e1rez, quien estar\u00e1 a cargo de la comisar\u00eda de la Polic\u00eda Municipal de Poza Rica a partir de este jueves, por lo que fue durante la mesa de seguridad de este d\u00eda cuando se dio a conocer dicho cambio.<\/p>\n\n\n\n<p>Juventino Badillo Su\u00e1rez, viene a relevar a Rafael Rinc\u00f3n quien desde el mes de agosto del 2023 tom\u00f3 la riendas de la Polic\u00eda Municipal de Poza Rica, quien tiene la responsabilidad de velar por la seguridad de la ciudadan\u00eda del municipio petrolero.<\/p>\n\n\n\n<p>Ante dicho cambio el presidente municipal dijo que son cambios que la Secretar\u00eda de Seguridad se encuentra realizando no solo en Poza Rica, sino en otras partes de la entidad, por lo que estar\u00e1n trabajando de manera coordinada para mantener segura la ciudad.<\/p>\n\n\n\n<p>Destac\u00f3 que el nuevo comandante tendr\u00e1 la responsabilidad de velar por la seguridad de los ciudadanos de este municipio y, estar\u00e1 a cargo de los m\u00e1s de 150 elementos de la citada polic\u00eda, que desde su confirmaci\u00f3n ha cambiado de comisario en 6 ocasiones.<\/p>\n\n\n\n<p>Es importante mencionar que esta es la sexta ocasi\u00f3n que es cambiado de comandante de la polic\u00eda municipal, por lo que el alcalde ya mantuvo una reuni\u00f3n con Badillo Su\u00e1rez, a quien le solicit\u00f3 trabajar para salvaguardar la integridad de los pozaricenses.<\/p>\n","protected":false},"excerpt":{"rendered":"<p>Visitas: 32 El alcalde Fernando Remes Garza, hizo oficial la llegada Juventino Badillo Su\u00e1rez, quien estar\u00e1 a cargo de la comisar\u00eda de la Polic\u00eda Municipal de Poza Rica a partir de este jueves, por lo que fue durante la mesa de seguridad de este d\u00eda cuando se dio a conocer dicho cambio. Juventino Badillo Su\u00e1rez, [&hellip;]<\/p>\n","protected":false},"author":2,"featured_media":203426,"comment_status":"open","ping_status":"open","sticky":false,"template":"","format":"standard","meta":{"footnotes":""},"categories":[252],"tags":[41],"class_list":{"0":"post-203425","1":"post","2":"type-post","3":"status-publish","4":"format-standard","5":"has-post-thumbnail","7":"category-nacionales","8":"tag-portada"},"nelio_content":{"isAutoShareEnabled":true,"autoShareEndMode":"never","automationSources":{"useCustomSentences":false,"customSentences":[]},"followers":[],"suggestedReferences":[],"efiUrl":"","efiAlt":"","highlights":[],"permalinkQueryArgs":[],"series":[]},"_links":{"self":[{"href":"https:\/\/www.enteratever.com\/2023\/wp-json\/wp\/v2\/posts\/203425","targetHints":{"allow":["GET"]}}],"collection":[{"href":"https:\/\/www.enteratever.com\/2023\/wp-json\/wp\/v2\/posts"}],"about":[{"href":"https:\/\/www.enteratever.com\/2023\/wp-json\/wp\/v2\/types\/post"}],"author":[{"embeddable":true,"href":"https:\/\/www.enteratever.com\/2023\/wp-json\/wp\/v2\/users\/2"}],"replies":[{"embeddable":true,"href":"https:\/\/www.enteratever.com\/2023\/wp-json\/wp\/v2\/comments?post=203425"}],"version-history":[{"count":1,"href":"https:\/\/www.enteratever.com\/2023\/wp-json\/wp\/v2\/posts\/203425\/revisions"}],"predecessor-version":[{"id":203427,"href":"https:\/\/www.enteratever.com\/2023\/wp-json\/wp\/v2\/posts\/203425\/revisions\/203427"}],"wp:featuredmedia":[{"embeddable":true,"href":"https:\/\/www.enteratever.com\/2023\/wp-json\/wp\/v2\/media\/203426"}],"wp:attachment":[{"href":"https:\/\/www.enteratever.com\/2023\/wp-json\/wp\/v2\/media?parent=203425"}],"wp:term":[{"taxonomy":"category","embeddable":true,"href":"https:\/\/www.enteratever.com\/2023\/wp-json\/wp\/v2\/categories?post=203425"},{"taxonomy":"post_tag","embeddable":true,"href":"https:\/\/www.enteratever.com\/2023\/wp-json\/wp\/v2\/tags?post=203425"}],"curies":[{"name":"wp","href":"https:\/\/api.w.org\/{rel}","templated":true}]}}