{"id":203399,"date":"2024-01-11T10:56:20","date_gmt":"2024-01-11T16:56:20","guid":{"rendered":"https:\/\/www.enteratever.com\/2023\/?p=203399"},"modified":"2024-01-11T10:56:22","modified_gmt":"2024-01-11T16:56:22","slug":"la-cfe-se-reafirma-como-la-mayor-generadora-de-energia-limpia-en-el-pais-bartlett","status":"publish","type":"post","link":"https:\/\/www.enteratever.com\/2023\/2024\/01\/11\/la-cfe-se-reafirma-como-la-mayor-generadora-de-energia-limpia-en-el-pais-bartlett\/","title":{"rendered":"La CFE se reafirma como la mayor generadora de energ\u00eda limpia en el pa\u00eds: Bartlett"},"content":{"rendered":"<p>Visitas: 6<\/p>\n<p>La Comisi\u00f3n Federal de Electricidad (CFE), la empresa el\u00e9ctrica del Estado mexicano, inform\u00f3 este jueves de una \u00abinversi\u00f3n hist\u00f3rica\u00bb de 3.191 millones de d\u00f3lares en energ\u00edas limpias durante el Gobierno de Andr\u00e9s Manuel L\u00f3pez Obrador (2018-2024).<\/p>\n\n\n\n<p>La inversi\u00f3n se ha distribuido en 22 proyectos que aportar\u00e1n un total de 1.500 megavatios (MW) de fuentes renovables, detall\u00f3 el director general de la CFE, Manuel Bartlett, en la conferencia matutina de L\u00f3pez Obrador.<\/p>\n\n\n\n<p>Entre ellas, destac\u00f3 el parque solar que se construye en Sonora, estado fronterizo con Estados Unidos, al que llama \u00abel proyecto fotovoltaico m\u00e1s importante de Am\u00e9rica Latina\u00bb porque aportar\u00e1 1.000 MW con una inversi\u00f3n de 1.844 millones de d\u00f3lares.<\/p>\n\n\n\n<p>Tambi\u00e9n resalt\u00f3 un parque solar en Yucat\u00e1n, en el sureste del pa\u00eds, y la modernizaci\u00f3n de 16 hidroel\u00e9ctricas.<\/p>\n\n\n\n<p>En conjunto, los 22 proyectos, cuya mayor\u00eda estar\u00e1n listos en 2024, representan 6.925 MW y dejar de emitir 15,5 millones de toneladas de di\u00f3xido de carbono, el equivalente a sacar de circulaci\u00f3n a 7,24 millones de autos, seg\u00fan la CFE.<\/p>\n\n\n\n<p>\u201cLa CFE se reafirma como la mayor generadora de energ\u00eda limpia en el pa\u00eds, inyectando a la red el 55 % de esta entre 2010 y 2023&#8243;, sostuvo Bartlett.<\/p>\n\n\n\n<p>El funcionario expuso el \u00abrescate\u00bb que ha hecho L\u00f3pez Obrador de la CFE, una de sus principales promesas de campa\u00f1a para contrarrestar la reforma energ\u00e9tica que abri\u00f3 a la inversi\u00f3n privada el sector energ\u00e9tico en el sexenio de Enrique Pe\u00f1a Nieto (2012-2018).<\/p>\n\n\n\n<p>El mandatario promulg\u00f3 en 2021 la pol\u00e9mica Ley de la Industria El\u00e9ctrica, que prioriza el despacho de la energ\u00eda generada en las plantas de CFE por encima de los privados aunque sea menos eficiente o m\u00e1s contaminante.<\/p>\n\n\n\n<p>Pero la compa\u00f1\u00eda del Estado asegur\u00f3 ahora que produce 22 % m\u00e1s energ\u00eda limpia que los privados y 37 % menos de energ\u00eda f\u00f3sil.<\/p>\n\n\n\n<p>En total, la CFE report\u00f3 invertir 9.171 millones de d\u00f3lares en 35 proyectos de generaci\u00f3n en la Administraci\u00f3n de L\u00f3pez Obrador, con lo que ha cumplido la meta de generar el 54 % de la electricidad del pa\u00eds, remarc\u00f3 Bartlett.<\/p>\n\n\n\n<p>\u00abEstos 35 proyectos en conjunto representan 9.000 megavatios de capacidad, un programa de inversi\u00f3n y construcci\u00f3n sin precedentes en una Administraci\u00f3n, se cumple el objetivo presidencial, la capacidad de la CFE aumentar\u00e1 hasta el 52 %\u201d, manifest\u00f3.<\/p>\n\n\n\n<p>Adem\u00e1s, asever\u00f3 que, con la incorporaci\u00f3n de 13 centrales de generaci\u00f3n que el Gobierno adquiri\u00f3 a Iberdrola en 2023, \u00abla CFE incrementar\u00e1 su generaci\u00f3n al 61 % a septiembre de este a\u00f1o\u00bb.<\/p>\n\n\n\n<p>El director de la CFE tambi\u00e9n expres\u00f3 que, sin aumentar las tarifas m\u00e1s all\u00e1 de la inflaci\u00f3n, los ingresos de CFE han crecido en 40 % y la deuda ha disminuido en 19 % en este sexenio.<\/p>\n\n\n\n<p>XEU<\/p>\n","protected":false},"excerpt":{"rendered":"<p>Visitas: 6 La Comisi\u00f3n Federal de Electricidad (CFE), la empresa el\u00e9ctrica del Estado mexicano, inform\u00f3 este jueves de una \u00abinversi\u00f3n hist\u00f3rica\u00bb de 3.191 millones de d\u00f3lares en energ\u00edas limpias durante el Gobierno de Andr\u00e9s Manuel L\u00f3pez Obrador (2018-2024). La inversi\u00f3n se ha distribuido en 22 proyectos que aportar\u00e1n un total de 1.500 megavatios (MW) de [&hellip;]<\/p>\n","protected":false},"author":2,"featured_media":193538,"comment_status":"open","ping_status":"open","sticky":false,"template":"","format":"standard","meta":{"footnotes":""},"categories":[252],"tags":[],"class_list":{"0":"post-203399","1":"post","2":"type-post","3":"status-publish","4":"format-standard","5":"has-post-thumbnail","7":"category-nacionales"},"nelio_content":{"isAutoShareEnabled":true,"autoShareEndMode":"never","automationSources":{"useCustomSentences":false,"customSentences":[]},"followers":[],"suggestedReferences":[],"efiUrl":"","efiAlt":"","highlights":[],"permalinkQueryArgs":[],"series":[]},"_links":{"self":[{"href":"https:\/\/www.enteratever.com\/2023\/wp-json\/wp\/v2\/posts\/203399","targetHints":{"allow":["GET"]}}],"collection":[{"href":"https:\/\/www.enteratever.com\/2023\/wp-json\/wp\/v2\/posts"}],"about":[{"href":"https:\/\/www.enteratever.com\/2023\/wp-json\/wp\/v2\/types\/post"}],"author":[{"embeddable":true,"href":"https:\/\/www.enteratever.com\/2023\/wp-json\/wp\/v2\/users\/2"}],"replies":[{"embeddable":true,"href":"https:\/\/www.enteratever.com\/2023\/wp-json\/wp\/v2\/comments?post=203399"}],"version-history":[{"count":1,"href":"https:\/\/www.enteratever.com\/2023\/wp-json\/wp\/v2\/posts\/203399\/revisions"}],"predecessor-version":[{"id":203400,"href":"https:\/\/www.enteratever.com\/2023\/wp-json\/wp\/v2\/posts\/203399\/revisions\/203400"}],"wp:featuredmedia":[{"embeddable":true,"href":"https:\/\/www.enteratever.com\/2023\/wp-json\/wp\/v2\/media\/193538"}],"wp:attachment":[{"href":"https:\/\/www.enteratever.com\/2023\/wp-json\/wp\/v2\/media?parent=203399"}],"wp:term":[{"taxonomy":"category","embeddable":true,"href":"https:\/\/www.enteratever.com\/2023\/wp-json\/wp\/v2\/categories?post=203399"},{"taxonomy":"post_tag","embeddable":true,"href":"https:\/\/www.enteratever.com\/2023\/wp-json\/wp\/v2\/tags?post=203399"}],"curies":[{"name":"wp","href":"https:\/\/api.w.org\/{rel}","templated":true}]}}