{"id":203385,"date":"2024-01-11T09:59:00","date_gmt":"2024-01-11T15:59:00","guid":{"rendered":"https:\/\/www.enteratever.com\/2023\/?p=203385"},"modified":"2024-01-11T09:59:03","modified_gmt":"2024-01-11T15:59:03","slug":"inaugura-carmen-medel-campana-recicla-tu-navidad-2024-en-minatitlan","status":"publish","type":"post","link":"https:\/\/www.enteratever.com\/2023\/2024\/01\/11\/inaugura-carmen-medel-campana-recicla-tu-navidad-2024-en-minatitlan\/","title":{"rendered":"Inaugura Carmen Medel campa\u00f1a &#8216;Recicla tu Navidad 2024&#8217; en Minatitl\u00e1n"},"content":{"rendered":"<p>Visitas: 2<\/p>\n<p>Minatitl\u00e1n, Ver. -Este mi\u00e9rcoles 10 de enero dio inicio la campa\u00f1a \u00abRecicla tu Navidad 2024\u00bb en Minatitl\u00e1n, una actividad impulsada por el Gobierno del Estado en los 212 municipios a trav\u00e9s de la Secretar\u00eda de Medio Ambiente. Teniendo como meta recolectar 800 \u00e1rboles navide\u00f1os para su reciclaje en el municipio que florece. Dicha campa\u00f1a estar\u00e1 activa hasta el 23 de febrero por lo que se han instalado siete centros de acopio en diferentes puntos de la ciudad.<\/p>\n\n\n\n<p>La presidenta municipal, hizo hincapi\u00e9 en la importancia de sumarse a esta iniciativa, que tiene como principal objetivo concientizar a la poblaci\u00f3n sobre el cuidado del planeta y que estos \u00e1rboles que sirvieron como adornos en esta \u00e9poca decembrina no terminen en la calle o en tiraderos a cielos abierto.<\/p>\n\n\n\n<p>\u00a8 Estas acciones representan una oportunidad para que todos los ciudadanos se involucren activamente en el cuidado del medio ambiente y contribuyan al bienestar futuro de nuestra ciudad. Se invita a toda la poblaci\u00f3n a participar y hacer su parte para promover pr\u00e1cticas sostenibles y responsables con nuestro entorno\u00b4\u00b4, indic\u00f3 la mun\u00edcipe.<\/p>\n\n\n\n<p>Los centros de acopio estar\u00e1n ubicados en el Parque Hidalgo, Escuela Secundaria T\u00e9cnica N\u00famero 88, Soriana H\u00edper, Soriana Mercado, Bodega Aurrera Infonavit, Mercado Santa Clara y Parque Reforma.<\/p>\n\n\n\n<p>Por su parte, Blino Hern\u00e1ndez Fern\u00e1ndez, Regidor D\u00e9cimo con la comisi\u00f3n de Fomento Forestal, Ecolog\u00eda y Medio Ambiente, resalt\u00f3 la importancia de la participaci\u00f3n ciudadana para garantizar un entorno saludable para las futuras generaciones.<\/p>\n\n\n\n<p>En el evento estuvieron presentes Adri\u00e1n Peralta M\u00e1rquez, Regidor Segundo; Romina Gurri\u00f3n V\u00e1zquez, Regidora Tercera. Adem\u00e1s, de los alumnos de la escuela primaria Francisco I. Madero quienes realizaron una presentaci\u00f3n de baile con el tema del cuidado del medio ambiente.<\/p>\n","protected":false},"excerpt":{"rendered":"<p>Visitas: 2 Minatitl\u00e1n, Ver. -Este mi\u00e9rcoles 10 de enero dio inicio la campa\u00f1a \u00abRecicla tu Navidad 2024\u00bb en Minatitl\u00e1n, una actividad impulsada por el Gobierno del Estado en los 212 municipios a trav\u00e9s de la Secretar\u00eda de Medio Ambiente. Teniendo como meta recolectar 800 \u00e1rboles navide\u00f1os para su reciclaje en el municipio que florece. Dicha [&hellip;]<\/p>\n","protected":false},"author":2,"featured_media":203388,"comment_status":"open","ping_status":"open","sticky":false,"template":"","format":"standard","meta":{"footnotes":""},"categories":[243,241],"tags":[],"class_list":{"0":"post-203385","1":"post","2":"type-post","3":"status-publish","4":"format-standard","5":"has-post-thumbnail","7":"category-minatitlan","8":"category-zona-sur"},"nelio_content":{"isAutoShareEnabled":true,"autoShareEndMode":"never","automationSources":{"useCustomSentences":false,"customSentences":[]},"followers":[],"suggestedReferences":[],"efiUrl":"","efiAlt":"","highlights":[],"permalinkQueryArgs":[],"series":[]},"_links":{"self":[{"href":"https:\/\/www.enteratever.com\/2023\/wp-json\/wp\/v2\/posts\/203385","targetHints":{"allow":["GET"]}}],"collection":[{"href":"https:\/\/www.enteratever.com\/2023\/wp-json\/wp\/v2\/posts"}],"about":[{"href":"https:\/\/www.enteratever.com\/2023\/wp-json\/wp\/v2\/types\/post"}],"author":[{"embeddable":true,"href":"https:\/\/www.enteratever.com\/2023\/wp-json\/wp\/v2\/users\/2"}],"replies":[{"embeddable":true,"href":"https:\/\/www.enteratever.com\/2023\/wp-json\/wp\/v2\/comments?post=203385"}],"version-history":[{"count":1,"href":"https:\/\/www.enteratever.com\/2023\/wp-json\/wp\/v2\/posts\/203385\/revisions"}],"predecessor-version":[{"id":203389,"href":"https:\/\/www.enteratever.com\/2023\/wp-json\/wp\/v2\/posts\/203385\/revisions\/203389"}],"wp:featuredmedia":[{"embeddable":true,"href":"https:\/\/www.enteratever.com\/2023\/wp-json\/wp\/v2\/media\/203388"}],"wp:attachment":[{"href":"https:\/\/www.enteratever.com\/2023\/wp-json\/wp\/v2\/media?parent=203385"}],"wp:term":[{"taxonomy":"category","embeddable":true,"href":"https:\/\/www.enteratever.com\/2023\/wp-json\/wp\/v2\/categories?post=203385"},{"taxonomy":"post_tag","embeddable":true,"href":"https:\/\/www.enteratever.com\/2023\/wp-json\/wp\/v2\/tags?post=203385"}],"curies":[{"name":"wp","href":"https:\/\/api.w.org\/{rel}","templated":true}]}}