{"id":203350,"date":"2024-01-10T17:02:50","date_gmt":"2024-01-10T23:02:50","guid":{"rendered":"https:\/\/www.enteratever.com\/2023\/?p=203350"},"modified":"2024-01-10T17:02:52","modified_gmt":"2024-01-10T23:02:52","slug":"dante-delgado-aclara-que-maynez-no-fue-designado-por-samuel","status":"publish","type":"post","link":"https:\/\/www.enteratever.com\/2023\/2024\/01\/10\/dante-delgado-aclara-que-maynez-no-fue-designado-por-samuel\/","title":{"rendered":"Dante Delgado aclara que M\u00e1ynez no fue designado por Samuel"},"content":{"rendered":"<p>Visitas: 4<\/p>\n<p>El l\u00edder nacional del Movimiento Ciudadano,&nbsp;Dante&nbsp;Delgado, aclar\u00f3 que&nbsp;&nbsp;Jorge \u00c1lvarez M\u00e1ynez no fue designado como precandidato a la Presidencia de la Rep\u00fablica por el gobernador de Nuevo Le\u00f3n, Samuel Garc\u00eda.&nbsp;<\/p>\n\n\n\n<p>\u00abNo es una designaci\u00f3n del Gobernador:&nbsp;se construy\u00f3 un consenso,&nbsp;se escuch\u00f3 y se atendi\u00f3 a las fuerzas m\u00e1s representativas de&nbsp;Movimiento&nbsp;Ciudadano\u00bb, se\u00f1al\u00f3 el tambi\u00e9n senador.&nbsp;<\/p>\n\n\n\n<p>Y es que de manera reciente el gobernador Samuel Garc\u00eda\u00a0\u00a0destap\u00f3 a\u00a0 Jorge \u00c1lvarez M\u00e1ynez\u00a0como el abanderado presidencial de Movimiento Ciudadano.\u00a0<br><br>\u00abEs una opini\u00f3n importante, pero tambi\u00e9n fueron consultados\u00a0Pablo\u00a0Lemus\u00a0(candidato al Gobierno de Jalisco) y el senador\u00a0Clemente\u00a0Casta\u00f1eda\u00bb, se\u00f1al\u00f3 Dante Delgado.\u00a0<\/p>\n\n\n\n<p>XEU<\/p>\n","protected":false},"excerpt":{"rendered":"<p>Visitas: 4 El l\u00edder nacional del Movimiento Ciudadano,&nbsp;Dante&nbsp;Delgado, aclar\u00f3 que&nbsp;&nbsp;Jorge \u00c1lvarez M\u00e1ynez no fue designado como precandidato a la Presidencia de la Rep\u00fablica por el gobernador de Nuevo Le\u00f3n, Samuel Garc\u00eda.&nbsp; \u00abNo es una designaci\u00f3n del Gobernador:&nbsp;se construy\u00f3 un consenso,&nbsp;se escuch\u00f3 y se atendi\u00f3 a las fuerzas m\u00e1s representativas de&nbsp;Movimiento&nbsp;Ciudadano\u00bb, se\u00f1al\u00f3 el tambi\u00e9n senador.&nbsp; Y [&hellip;]<\/p>\n","protected":false},"author":2,"featured_media":203272,"comment_status":"open","ping_status":"open","sticky":false,"template":"","format":"standard","meta":{"footnotes":""},"categories":[252],"tags":[],"class_list":{"0":"post-203350","1":"post","2":"type-post","3":"status-publish","4":"format-standard","5":"has-post-thumbnail","7":"category-nacionales"},"nelio_content":{"isAutoShareEnabled":true,"autoShareEndMode":"never","automationSources":{"useCustomSentences":false,"customSentences":[]},"followers":[],"suggestedReferences":[],"efiUrl":"","efiAlt":"","highlights":[],"permalinkQueryArgs":[],"series":[]},"_links":{"self":[{"href":"https:\/\/www.enteratever.com\/2023\/wp-json\/wp\/v2\/posts\/203350","targetHints":{"allow":["GET"]}}],"collection":[{"href":"https:\/\/www.enteratever.com\/2023\/wp-json\/wp\/v2\/posts"}],"about":[{"href":"https:\/\/www.enteratever.com\/2023\/wp-json\/wp\/v2\/types\/post"}],"author":[{"embeddable":true,"href":"https:\/\/www.enteratever.com\/2023\/wp-json\/wp\/v2\/users\/2"}],"replies":[{"embeddable":true,"href":"https:\/\/www.enteratever.com\/2023\/wp-json\/wp\/v2\/comments?post=203350"}],"version-history":[{"count":1,"href":"https:\/\/www.enteratever.com\/2023\/wp-json\/wp\/v2\/posts\/203350\/revisions"}],"predecessor-version":[{"id":203351,"href":"https:\/\/www.enteratever.com\/2023\/wp-json\/wp\/v2\/posts\/203350\/revisions\/203351"}],"wp:featuredmedia":[{"embeddable":true,"href":"https:\/\/www.enteratever.com\/2023\/wp-json\/wp\/v2\/media\/203272"}],"wp:attachment":[{"href":"https:\/\/www.enteratever.com\/2023\/wp-json\/wp\/v2\/media?parent=203350"}],"wp:term":[{"taxonomy":"category","embeddable":true,"href":"https:\/\/www.enteratever.com\/2023\/wp-json\/wp\/v2\/categories?post=203350"},{"taxonomy":"post_tag","embeddable":true,"href":"https:\/\/www.enteratever.com\/2023\/wp-json\/wp\/v2\/tags?post=203350"}],"curies":[{"name":"wp","href":"https:\/\/api.w.org\/{rel}","templated":true}]}}