{"id":203271,"date":"2024-01-09T20:04:03","date_gmt":"2024-01-10T02:04:03","guid":{"rendered":"https:\/\/www.enteratever.com\/2023\/?p=203271"},"modified":"2024-01-09T20:04:06","modified_gmt":"2024-01-10T02:04:06","slug":"jorge-alvarez-maynez-sera-el-precandidato-presidencial-de-movimiento-ciudadano","status":"publish","type":"post","link":"https:\/\/www.enteratever.com\/2023\/2024\/01\/09\/jorge-alvarez-maynez-sera-el-precandidato-presidencial-de-movimiento-ciudadano\/","title":{"rendered":"Jorge \u00c1lvarez M\u00e1ynez ser\u00e1 el precandidato presidencial de Movimiento Ciudadano"},"content":{"rendered":"<p>Visitas: 1<\/p>\n<p>El diputado Jorge \u00c1lvarez M\u00e1ynez ser\u00e1 el precandidato a la presidencia de Movimiento Ciudadano (MC) rumbo a las elecciones de 2024, luego de que el gobernador de Nuevo Le\u00f3n, Samuel Garc\u00eda le \u00abpasara la estafeta\u00bb.<\/p>\n\n\n\n<p>A trav\u00e9s de un videomensaje en sus redes sociales, Garc\u00eda Sepulveda dio a conocer que el actual coordinador de los diputados del partido naranja.<\/p>\n\n\n\n<p>\u00abLos ilusos de la vieja pol\u00edtica creyeron que nos hab\u00edamos quedado sin candidato, que peg\u00e1ndole a Samuel millones de j\u00f3venes se quedar\u00edan sin esa opci\u00f3n fresca y de futuro. Pues se equivocan, porque Samuel era el precandidato, pero somos millones en este equipo.<\/p>\n\n\n\n<p>\u00abAs\u00ed que hoy quiero decirles que entrego la estafeta a mi compadre, que era coordinador de campa\u00f1a, Jorge \u00c1lvarez M\u00e1ynez. Quiero decirles que tenemos precandidato, muy bueno, y es el m\u00e1s naranja y fosfo de todos, porque es el que m\u00e1s antig\u00fcedad y m\u00e1s representa a esta gran plataforma, Movimiento Ciudadano\u00bb, dijo el mandatario neoleon\u00e9s.<\/p>\n\n\n\n<p>Jorge \u00c1lvarez M\u00e1ynez de 38 a\u00f1os de edad, es el actual coordinador de MC en la c\u00e1mara de diputados.\u00a0Es originario de Zacatecas, donde fungi\u00f3 como regidor de la capital y diputado local en el Congreso estatal y\u00a0desde 2021 ejerce la diputaci\u00f3n por el estado de Jalisco por la v\u00eda de la representaci\u00f3n proporcional.<\/p>\n\n\n\n<p>XEU<\/p>\n","protected":false},"excerpt":{"rendered":"<p>Visitas: 1 El diputado Jorge \u00c1lvarez M\u00e1ynez ser\u00e1 el precandidato a la presidencia de Movimiento Ciudadano (MC) rumbo a las elecciones de 2024, luego de que el gobernador de Nuevo Le\u00f3n, Samuel Garc\u00eda le \u00abpasara la estafeta\u00bb. A trav\u00e9s de un videomensaje en sus redes sociales, Garc\u00eda Sepulveda dio a conocer que el actual coordinador [&hellip;]<\/p>\n","protected":false},"author":2,"featured_media":203272,"comment_status":"open","ping_status":"open","sticky":false,"template":"","format":"standard","meta":{"footnotes":""},"categories":[252],"tags":[],"class_list":{"0":"post-203271","1":"post","2":"type-post","3":"status-publish","4":"format-standard","5":"has-post-thumbnail","7":"category-nacionales"},"nelio_content":{"isAutoShareEnabled":true,"autoShareEndMode":"never","automationSources":{"useCustomSentences":false,"customSentences":[]},"followers":[],"suggestedReferences":[],"efiUrl":"","efiAlt":"","highlights":[],"permalinkQueryArgs":[],"series":[]},"_links":{"self":[{"href":"https:\/\/www.enteratever.com\/2023\/wp-json\/wp\/v2\/posts\/203271","targetHints":{"allow":["GET"]}}],"collection":[{"href":"https:\/\/www.enteratever.com\/2023\/wp-json\/wp\/v2\/posts"}],"about":[{"href":"https:\/\/www.enteratever.com\/2023\/wp-json\/wp\/v2\/types\/post"}],"author":[{"embeddable":true,"href":"https:\/\/www.enteratever.com\/2023\/wp-json\/wp\/v2\/users\/2"}],"replies":[{"embeddable":true,"href":"https:\/\/www.enteratever.com\/2023\/wp-json\/wp\/v2\/comments?post=203271"}],"version-history":[{"count":1,"href":"https:\/\/www.enteratever.com\/2023\/wp-json\/wp\/v2\/posts\/203271\/revisions"}],"predecessor-version":[{"id":203273,"href":"https:\/\/www.enteratever.com\/2023\/wp-json\/wp\/v2\/posts\/203271\/revisions\/203273"}],"wp:featuredmedia":[{"embeddable":true,"href":"https:\/\/www.enteratever.com\/2023\/wp-json\/wp\/v2\/media\/203272"}],"wp:attachment":[{"href":"https:\/\/www.enteratever.com\/2023\/wp-json\/wp\/v2\/media?parent=203271"}],"wp:term":[{"taxonomy":"category","embeddable":true,"href":"https:\/\/www.enteratever.com\/2023\/wp-json\/wp\/v2\/categories?post=203271"},{"taxonomy":"post_tag","embeddable":true,"href":"https:\/\/www.enteratever.com\/2023\/wp-json\/wp\/v2\/tags?post=203271"}],"curies":[{"name":"wp","href":"https:\/\/api.w.org\/{rel}","templated":true}]}}