{"id":203212,"date":"2024-01-09T10:21:58","date_gmt":"2024-01-09T16:21:58","guid":{"rendered":"https:\/\/www.enteratever.com\/2023\/?p=203212"},"modified":"2024-01-09T10:22:01","modified_gmt":"2024-01-09T16:22:01","slug":"carmen-medel-palma-lleva-la-alegria-de-los-reyes-magos-a-la-zona-rural-de-minatitlan","status":"publish","type":"post","link":"https:\/\/www.enteratever.com\/2023\/2024\/01\/09\/carmen-medel-palma-lleva-la-alegria-de-los-reyes-magos-a-la-zona-rural-de-minatitlan\/","title":{"rendered":"Carmen Medel Palma lleva la alegr\u00eda de los Reyes Magos a la zona rural de Minatitl\u00e1n"},"content":{"rendered":"<p>Visitas: 0<\/p>\n<p>Minatitl\u00e1n, Ver. &#8211; La alcaldesa, Dra. Carmen Medel , acompa\u00f1ada de la presidenta honoraria del Sistema DIF municipal, Dra. Vianey Cruz Medel , visitaron la comunidad de Pueblo Viejo, ubicada a m\u00e1s de 60 kil\u00f3metros de la cabecera municipal de Minatitl\u00e1n, quienes llevaron ilusi\u00f3n, felicidad y sorpresas a los ni\u00f1os como parte del festejo del D\u00eda de Reyes Magos.<\/p>\n\n\n\n<p>Durante el evento, se entregaron juguetes, dulces y un peque\u00f1o aperitivo a los ni\u00f1os de la comunidad. Adem\u00e1s, se organizaron shows de animaci\u00f3n y concursos con mucho cari\u00f1o para todos los presentes. El encuentro tuvo lugar en el domo de la comunidad, donde se reunieron ni\u00f1as y ni\u00f1os de las rancher\u00edas aleda\u00f1as.<\/p>\n\n\n\n<p>Medel Palma expres\u00f3 sus felicitaciones y mejores deseos para el a\u00f1o 2024 a todos los presentes, demostrando as\u00ed su gran amor y compromiso hacia la ni\u00f1ez minatitleca.<\/p>\n","protected":false},"excerpt":{"rendered":"<p>Visitas: 0 Minatitl\u00e1n, Ver. &#8211; La alcaldesa, Dra. Carmen Medel , acompa\u00f1ada de la presidenta honoraria del Sistema DIF municipal, Dra. Vianey Cruz Medel , visitaron la comunidad de Pueblo Viejo, ubicada a m\u00e1s de 60 kil\u00f3metros de la cabecera municipal de Minatitl\u00e1n, quienes llevaron ilusi\u00f3n, felicidad y sorpresas a los ni\u00f1os como parte del [&hellip;]<\/p>\n","protected":false},"author":2,"featured_media":203216,"comment_status":"open","ping_status":"open","sticky":false,"template":"","format":"standard","meta":{"footnotes":""},"categories":[243,241],"tags":[],"class_list":{"0":"post-203212","1":"post","2":"type-post","3":"status-publish","4":"format-standard","5":"has-post-thumbnail","7":"category-minatitlan","8":"category-zona-sur"},"nelio_content":{"isAutoShareEnabled":true,"autoShareEndMode":"never","automationSources":{"useCustomSentences":false,"customSentences":[]},"followers":[],"suggestedReferences":[],"efiUrl":"","efiAlt":"","highlights":[],"permalinkQueryArgs":[],"series":[]},"_links":{"self":[{"href":"https:\/\/www.enteratever.com\/2023\/wp-json\/wp\/v2\/posts\/203212","targetHints":{"allow":["GET"]}}],"collection":[{"href":"https:\/\/www.enteratever.com\/2023\/wp-json\/wp\/v2\/posts"}],"about":[{"href":"https:\/\/www.enteratever.com\/2023\/wp-json\/wp\/v2\/types\/post"}],"author":[{"embeddable":true,"href":"https:\/\/www.enteratever.com\/2023\/wp-json\/wp\/v2\/users\/2"}],"replies":[{"embeddable":true,"href":"https:\/\/www.enteratever.com\/2023\/wp-json\/wp\/v2\/comments?post=203212"}],"version-history":[{"count":1,"href":"https:\/\/www.enteratever.com\/2023\/wp-json\/wp\/v2\/posts\/203212\/revisions"}],"predecessor-version":[{"id":203218,"href":"https:\/\/www.enteratever.com\/2023\/wp-json\/wp\/v2\/posts\/203212\/revisions\/203218"}],"wp:featuredmedia":[{"embeddable":true,"href":"https:\/\/www.enteratever.com\/2023\/wp-json\/wp\/v2\/media\/203216"}],"wp:attachment":[{"href":"https:\/\/www.enteratever.com\/2023\/wp-json\/wp\/v2\/media?parent=203212"}],"wp:term":[{"taxonomy":"category","embeddable":true,"href":"https:\/\/www.enteratever.com\/2023\/wp-json\/wp\/v2\/categories?post=203212"},{"taxonomy":"post_tag","embeddable":true,"href":"https:\/\/www.enteratever.com\/2023\/wp-json\/wp\/v2\/tags?post=203212"}],"curies":[{"name":"wp","href":"https:\/\/api.w.org\/{rel}","templated":true}]}}