{"id":203166,"date":"2024-01-08T10:44:08","date_gmt":"2024-01-08T16:44:08","guid":{"rendered":"https:\/\/www.enteratever.com\/2023\/?p=203166"},"modified":"2024-01-08T10:44:11","modified_gmt":"2024-01-08T16:44:11","slug":"magnifican-la-violencia-dice-amlo-sobre-hechos-de-guerrero-y-tras-tomar-microfono-de-radio-formula","status":"publish","type":"post","link":"https:\/\/www.enteratever.com\/2023\/2024\/01\/08\/magnifican-la-violencia-dice-amlo-sobre-hechos-de-guerrero-y-tras-tomar-microfono-de-radio-formula\/","title":{"rendered":"Magnifican la violencia: dice AMLO sobre hechos de Guerrero y tras tomar micr\u00f3fono de Radio F\u00f3rmula"},"content":{"rendered":"<p>Visitas: 0<\/p>\n<p>El presidente Andr\u00e9s Manuel L\u00f3pez Obrador se refiri\u00f3 a lo ocurrido en la Sierra de Guerrero tras haber tomado el micr\u00f3fono de un reportero de Radio F\u00f3rmula en R\u00edo Blanco, Veracruz.<\/p>\n\n\n\n<p>\u00abEl compa\u00f1ero de Radio Formula con la misma pregunta, le dije no es contigo, no se lo arrebat\u00e9 como dicen, le dije pr\u00e9stamelo y le agarre su micr\u00f3fono, son los due\u00f1os que est\u00e1n enojados, no es contigo, a ellos los mandan. Pero es magnificar todo lo que tiene que ver con la violencia, ya no les queda de otra, est\u00e1n desesperados, igual Proceso\u00bb, dijo en conferencia de prensa.<\/p>\n\n\n\n<p>El presidente indic\u00f3 que ya se hab\u00eda informado sobre lo ocurrido en la Sierra de Guerrero y le continuaron preguntando sobre el mismo tema.<\/p>\n\n\n\n<p>\u00abMe\u00a0est\u00e1\u00a0preguntando que fue lo que sucedi\u00f3 y ya se dio informaci\u00f3n\u00a0 y hay hasta un comunicado de la Fiscal\u00eda, pero no lo toman en cuenta, eso no se ve, 30 muertos con drones en una comunidad de Tlacotepec, pero el fin semana hasta la rosca de Zacatecas y la imagen era de hace 10 a\u00f1os\u00bb, se\u00f1al\u00f3.<\/p>\n\n\n\n<p>XEU<\/p>\n","protected":false},"excerpt":{"rendered":"<p>Visitas: 0 El presidente Andr\u00e9s Manuel L\u00f3pez Obrador se refiri\u00f3 a lo ocurrido en la Sierra de Guerrero tras haber tomado el micr\u00f3fono de un reportero de Radio F\u00f3rmula en R\u00edo Blanco, Veracruz. \u00abEl compa\u00f1ero de Radio Formula con la misma pregunta, le dije no es contigo, no se lo arrebat\u00e9 como dicen, le dije [&hellip;]<\/p>\n","protected":false},"author":2,"featured_media":185576,"comment_status":"open","ping_status":"open","sticky":false,"template":"","format":"standard","meta":{"footnotes":""},"categories":[252],"tags":[],"class_list":{"0":"post-203166","1":"post","2":"type-post","3":"status-publish","4":"format-standard","5":"has-post-thumbnail","7":"category-nacionales"},"nelio_content":{"isAutoShareEnabled":true,"autoShareEndMode":"never","automationSources":{"useCustomSentences":false,"customSentences":[]},"followers":[],"suggestedReferences":[],"efiUrl":"","efiAlt":"","highlights":[],"permalinkQueryArgs":[],"series":[]},"_links":{"self":[{"href":"https:\/\/www.enteratever.com\/2023\/wp-json\/wp\/v2\/posts\/203166","targetHints":{"allow":["GET"]}}],"collection":[{"href":"https:\/\/www.enteratever.com\/2023\/wp-json\/wp\/v2\/posts"}],"about":[{"href":"https:\/\/www.enteratever.com\/2023\/wp-json\/wp\/v2\/types\/post"}],"author":[{"embeddable":true,"href":"https:\/\/www.enteratever.com\/2023\/wp-json\/wp\/v2\/users\/2"}],"replies":[{"embeddable":true,"href":"https:\/\/www.enteratever.com\/2023\/wp-json\/wp\/v2\/comments?post=203166"}],"version-history":[{"count":1,"href":"https:\/\/www.enteratever.com\/2023\/wp-json\/wp\/v2\/posts\/203166\/revisions"}],"predecessor-version":[{"id":203167,"href":"https:\/\/www.enteratever.com\/2023\/wp-json\/wp\/v2\/posts\/203166\/revisions\/203167"}],"wp:featuredmedia":[{"embeddable":true,"href":"https:\/\/www.enteratever.com\/2023\/wp-json\/wp\/v2\/media\/185576"}],"wp:attachment":[{"href":"https:\/\/www.enteratever.com\/2023\/wp-json\/wp\/v2\/media?parent=203166"}],"wp:term":[{"taxonomy":"category","embeddable":true,"href":"https:\/\/www.enteratever.com\/2023\/wp-json\/wp\/v2\/categories?post=203166"},{"taxonomy":"post_tag","embeddable":true,"href":"https:\/\/www.enteratever.com\/2023\/wp-json\/wp\/v2\/tags?post=203166"}],"curies":[{"name":"wp","href":"https:\/\/api.w.org\/{rel}","templated":true}]}}