{"id":203163,"date":"2024-01-08T10:42:15","date_gmt":"2024-01-08T16:42:15","guid":{"rendered":"https:\/\/www.enteratever.com\/2023\/?p=203163"},"modified":"2024-01-08T10:42:17","modified_gmt":"2024-01-08T16:42:17","slug":"pueden-diferir-pero-jamas-me-podran-acusar-de-corrupto-cuitlahuac-tras-ser-abucheado-en-rio-blanco","status":"publish","type":"post","link":"https:\/\/www.enteratever.com\/2023\/2024\/01\/08\/pueden-diferir-pero-jamas-me-podran-acusar-de-corrupto-cuitlahuac-tras-ser-abucheado-en-rio-blanco\/","title":{"rendered":"Pueden diferir, pero jam\u00e1s me podr\u00e1n acusar de corrupto: Cuitl\u00e1huac tras ser abucheado en R\u00edo Blanco"},"content":{"rendered":"<p>Visitas: 3<\/p>\n<p>El gobernador de Veracruz, Cuitl\u00e1huac Garc\u00eda, se refiri\u00f3 al abucheo que recibi\u00f3 durante el aniversario de los M\u00e1rtires de R\u00edo Blanco.<\/p>\n\n\n\n<p>En conferencia de prensa, el gobernador opin\u00f3 que hay libertad de expresi\u00f3n, pero que jam\u00e1s podr\u00e1 ser acusado de corrupci\u00f3n.<\/p>\n\n\n\n<p>\u00abYa estamos en \u00e9poca electoral, ya va a ser muy dif\u00edcil evitar que se exprese alguien, nosotros tenemos que garantizar la libertad, pueden diferir de mi quien guste, pero a mi jam\u00e1s me podr\u00e1n acusar de corrupto, yo no soy como los que me antecedieron, yo no soy transa, no me corrompo ni me corromp\u00ed\u00bb, dijo.<\/p>\n\n\n\n<p>Expresiones de rechazo, abucheos y chiflidos lanzaron los pobladores y empleados del gobierno del estado, contra el titular del Poder Ejecutivo estatal, Cuitl\u00e1huac Garc\u00eda Jim\u00e9nez durante el evento oficial para celebrar la conmemoraci\u00f3n del 117 aniversario de los M\u00e1rtires de R\u00edo Blanco, al que asisti\u00f3 el presidente de M\u00e9xico, Andr\u00e9s Manuel L\u00f3pez Obrador e integrantes del gabinete federal.<br><br>El espacio que ocupa la ex-f\u00e1brica de textil, fue el marco para que las autoridades de los gobiernos del estado, federal y municipal enviar\u00e1n un mensaje a la poblaci\u00f3n, entre ellos, el presidente de M\u00e9xico anunci\u00f3 una iniciativa de reforma al art\u00edculo 123 de la Constituci\u00f3n para que el salario m\u00ednimo est\u00e9 encima de la inflaci\u00f3n y evitar la p\u00e9rdida del poder adquisitivo.<br><br>Tras dar la bienvenida a los l\u00edderes sindicales, confederaciones, agrupaciones de empleados, trabajadores, campesinos y autoridades presentes, Cuitl\u00e1huac Garc\u00eda ofreci\u00f3 un mensaje y fue en ese instante cuando el pueblo presente empez\u00f3 a gritar \u201cFuera, fuera, fuera, fuera\u201d.<br><br>Otras expresiones de los invitados a la conmemoraci\u00f3n en contra de Cuitl\u00e1huac Garc\u00eda fueron \u201cBuuuuuuuu! Buuuuuu! Buuuuuuuu!\u201d, y otros gritos eran de \u201cFuera, fuera, fuera, fuera\u201d y algunos m\u00e1s de \u201cQue se vaya, que se vaya, que se vaya\u201d, las cuales se escuchaban por encima de la voz del Mandatario Estatal que trataba de hablar m\u00e1s fuerte.<br><br>En el evento se vivieron momentos de tensi\u00f3n por parte de las autoridades del gobierno federal sentadas en el templete, en el que incluso se ve\u00eda la molestia en sus rostros por el rechazo de los hombres y mujeres presentes.<br><br>Otro abucheo se escuch\u00f3 cuando el secretario del Trabajo y Previsi\u00f3n Social, Marath Bola\u00f1os L\u00f3pez salud\u00f3 a Cuitl\u00e1huac Garc\u00eda para despu\u00e9s ofrecer su mensaje c\u00f3mo autoridad del gobierno federal.<br><br>El rechazo de los ciudadanos presentes fue tan fuerte que se escuchaba en la transmisi\u00f3n en vivo a trav\u00e9s de la cuenta oficial del gobernador Cuitl\u00e1huac Garc\u00eda Jim\u00e9nez en la red social Facebook, a cargo del equipo de la Coordinaci\u00f3n de Comunicaci\u00f3n Social del Gobierno del Estado.<\/p>\n\n\n\n<p>Mientras que el gobernador de Veracruz Cuitl\u00e1huac Garc\u00eda Jim\u00e9nez recibi\u00f3 abucheos y gritos de rechazo, por lo contrario, la autoridad que se llev\u00f3 los aplausos fue el presidente de M\u00e9xico, Andr\u00e9s Manuel L\u00f3pez Obrador y el presidente municipal de R\u00edo Blanco, Ricardo P\u00e9rez Garc\u00eda.<br><br>Incluso los y las ciudadanas presentes gritaron una y otra vez su apoyo a L\u00f3pez Obrador, al que dejaron hablar y guardaron silencio mientras daba un mensaje desde R\u00edo Blanco y al que vitorearon con las siguientes frases \u201cEs un honor estar con Obrador\u201d, \u201cSe ve, se siente Obrador est\u00e1 presente\u201d.<\/p>\n\n\n\n<p>XEU<\/p>\n","protected":false},"excerpt":{"rendered":"<p>Visitas: 3 El gobernador de Veracruz, Cuitl\u00e1huac Garc\u00eda, se refiri\u00f3 al abucheo que recibi\u00f3 durante el aniversario de los M\u00e1rtires de R\u00edo Blanco. En conferencia de prensa, el gobernador opin\u00f3 que hay libertad de expresi\u00f3n, pero que jam\u00e1s podr\u00e1 ser acusado de corrupci\u00f3n. \u00abYa estamos en \u00e9poca electoral, ya va a ser muy dif\u00edcil evitar [&hellip;]<\/p>\n","protected":false},"author":2,"featured_media":186746,"comment_status":"open","ping_status":"open","sticky":false,"template":"","format":"standard","meta":{"footnotes":""},"categories":[252],"tags":[41],"class_list":{"0":"post-203163","1":"post","2":"type-post","3":"status-publish","4":"format-standard","5":"has-post-thumbnail","7":"category-nacionales","8":"tag-portada"},"nelio_content":{"isAutoShareEnabled":true,"autoShareEndMode":"never","automationSources":{"useCustomSentences":false,"customSentences":[]},"followers":[],"suggestedReferences":[],"efiUrl":"","efiAlt":"","highlights":[],"permalinkQueryArgs":[],"series":[]},"_links":{"self":[{"href":"https:\/\/www.enteratever.com\/2023\/wp-json\/wp\/v2\/posts\/203163","targetHints":{"allow":["GET"]}}],"collection":[{"href":"https:\/\/www.enteratever.com\/2023\/wp-json\/wp\/v2\/posts"}],"about":[{"href":"https:\/\/www.enteratever.com\/2023\/wp-json\/wp\/v2\/types\/post"}],"author":[{"embeddable":true,"href":"https:\/\/www.enteratever.com\/2023\/wp-json\/wp\/v2\/users\/2"}],"replies":[{"embeddable":true,"href":"https:\/\/www.enteratever.com\/2023\/wp-json\/wp\/v2\/comments?post=203163"}],"version-history":[{"count":1,"href":"https:\/\/www.enteratever.com\/2023\/wp-json\/wp\/v2\/posts\/203163\/revisions"}],"predecessor-version":[{"id":203164,"href":"https:\/\/www.enteratever.com\/2023\/wp-json\/wp\/v2\/posts\/203163\/revisions\/203164"}],"wp:featuredmedia":[{"embeddable":true,"href":"https:\/\/www.enteratever.com\/2023\/wp-json\/wp\/v2\/media\/186746"}],"wp:attachment":[{"href":"https:\/\/www.enteratever.com\/2023\/wp-json\/wp\/v2\/media?parent=203163"}],"wp:term":[{"taxonomy":"category","embeddable":true,"href":"https:\/\/www.enteratever.com\/2023\/wp-json\/wp\/v2\/categories?post=203163"},{"taxonomy":"post_tag","embeddable":true,"href":"https:\/\/www.enteratever.com\/2023\/wp-json\/wp\/v2\/tags?post=203163"}],"curies":[{"name":"wp","href":"https:\/\/api.w.org\/{rel}","templated":true}]}}