{"id":203141,"date":"2024-01-08T08:23:06","date_gmt":"2024-01-08T14:23:06","guid":{"rendered":"https:\/\/www.enteratever.com\/2023\/?p=203141"},"modified":"2024-01-08T08:23:08","modified_gmt":"2024-01-08T14:23:08","slug":"gran-exito-en-el-evento-dia-de-reyes-en-minatitlan-una-tarde-llena-de-magia-y-diversion-para-todas-las-familias","status":"publish","type":"post","link":"https:\/\/www.enteratever.com\/2023\/2024\/01\/08\/gran-exito-en-el-evento-dia-de-reyes-en-minatitlan-una-tarde-llena-de-magia-y-diversion-para-todas-las-familias\/","title":{"rendered":"Gran \u00e9xito en el evento \u00abD\u00eda de Reyes\u00bb en Minatitl\u00e1n: Una tarde llena de magia y diversi\u00f3n para todas las familias"},"content":{"rendered":"<p>Visitas: 0<\/p>\n<p>Minatitl\u00e1n, Ver. &#8211; El municipio de Minatitl\u00e1n celebr\u00f3 con gran entusiasmo el evento \u00abD\u00eda de Reyes\u00bb en la unidad deportiva Benito Ju\u00e1rez, donde decenas de ni\u00f1as y ni\u00f1os disfrutaron de una tarde llena de magia y diversi\u00f3n. Al ritmo de la m\u00fasica, Melchor, Gaspar y Baltazar llegaron al escenario, siendo ovacionados por todos los peque\u00f1os presentes.<\/p>\n\n\n\n<p>A trav\u00e9s de concursos, todos los ni\u00f1os tuvieron la oportunidad de recibir regalos y bolsas de dulces, entregados con cari\u00f1o por la alcaldesa, , quien estuvo acompa\u00f1ada por la presidenta honoraria del Sistema DIF Municipal. La doctora Medel Palma agradeci\u00f3 la asistencia de las familias y les expres\u00f3 sus mejores deseos para el a\u00f1o 2024.<\/p>\n\n\n\n<p>Adem\u00e1s, los cientos de asistentes pudieron degustar la tradicional rosca de reyes con una longitud de m\u00e1s de 20 metros. Tambi\u00e9n tuvieron la oportunidad de llevarse una bonita foto del recuerdo con sus personajes favoritos como Mario y Luigi, el gallito Bartolito, Minnie Mouse, Bely y Beto, La Princesa Peach; adem\u00e1s de disfrutar en los juegos inflables y experimentar la m\u00e1gica nieve artificial.<\/p>\n\n\n\n<p>Este evento fue posible gracias al esfuerzo y compromiso del Gobierno Municipal para brindar momentos especiales a las familias minatitlecas, donde tambi\u00e9n estuvieron presentes: Romina Gurri\u00f3n V\u00e1squez, Regidora Tercera; Naomi Edith G\u00f3mez Santos, Regidora Quinta; Kristhian V\u00e1squez Gonz\u00e1lez, Director del Sistema DIF Municipal.<\/p>\n","protected":false},"excerpt":{"rendered":"<p>Visitas: 0 Minatitl\u00e1n, Ver. &#8211; El municipio de Minatitl\u00e1n celebr\u00f3 con gran entusiasmo el evento \u00abD\u00eda de Reyes\u00bb en la unidad deportiva Benito Ju\u00e1rez, donde decenas de ni\u00f1as y ni\u00f1os disfrutaron de una tarde llena de magia y diversi\u00f3n. Al ritmo de la m\u00fasica, Melchor, Gaspar y Baltazar llegaron al escenario, siendo ovacionados por todos [&hellip;]<\/p>\n","protected":false},"author":2,"featured_media":203143,"comment_status":"open","ping_status":"open","sticky":false,"template":"","format":"standard","meta":{"footnotes":""},"categories":[243,241],"tags":[],"class_list":{"0":"post-203141","1":"post","2":"type-post","3":"status-publish","4":"format-standard","5":"has-post-thumbnail","7":"category-minatitlan","8":"category-zona-sur"},"nelio_content":{"isAutoShareEnabled":true,"autoShareEndMode":"never","automationSources":{"useCustomSentences":false,"customSentences":[]},"followers":[],"suggestedReferences":[],"efiUrl":"","efiAlt":"","highlights":[],"permalinkQueryArgs":[],"series":[]},"_links":{"self":[{"href":"https:\/\/www.enteratever.com\/2023\/wp-json\/wp\/v2\/posts\/203141","targetHints":{"allow":["GET"]}}],"collection":[{"href":"https:\/\/www.enteratever.com\/2023\/wp-json\/wp\/v2\/posts"}],"about":[{"href":"https:\/\/www.enteratever.com\/2023\/wp-json\/wp\/v2\/types\/post"}],"author":[{"embeddable":true,"href":"https:\/\/www.enteratever.com\/2023\/wp-json\/wp\/v2\/users\/2"}],"replies":[{"embeddable":true,"href":"https:\/\/www.enteratever.com\/2023\/wp-json\/wp\/v2\/comments?post=203141"}],"version-history":[{"count":1,"href":"https:\/\/www.enteratever.com\/2023\/wp-json\/wp\/v2\/posts\/203141\/revisions"}],"predecessor-version":[{"id":203146,"href":"https:\/\/www.enteratever.com\/2023\/wp-json\/wp\/v2\/posts\/203141\/revisions\/203146"}],"wp:featuredmedia":[{"embeddable":true,"href":"https:\/\/www.enteratever.com\/2023\/wp-json\/wp\/v2\/media\/203143"}],"wp:attachment":[{"href":"https:\/\/www.enteratever.com\/2023\/wp-json\/wp\/v2\/media?parent=203141"}],"wp:term":[{"taxonomy":"category","embeddable":true,"href":"https:\/\/www.enteratever.com\/2023\/wp-json\/wp\/v2\/categories?post=203141"},{"taxonomy":"post_tag","embeddable":true,"href":"https:\/\/www.enteratever.com\/2023\/wp-json\/wp\/v2\/tags?post=203141"}],"curies":[{"name":"wp","href":"https:\/\/api.w.org\/{rel}","templated":true}]}}