{"id":203091,"date":"2024-01-05T16:58:38","date_gmt":"2024-01-05T22:58:38","guid":{"rendered":"https:\/\/www.enteratever.com\/2023\/?p=203091"},"modified":"2024-01-05T16:58:41","modified_gmt":"2024-01-05T22:58:41","slug":"fallece-el-empresario-carlos-bremer-a-los-63-anos","status":"publish","type":"post","link":"https:\/\/www.enteratever.com\/2023\/2024\/01\/05\/fallece-el-empresario-carlos-bremer-a-los-63-anos\/","title":{"rendered":"Fallece el empresario Carlos Bremer a los 63 a\u00f1os"},"content":{"rendered":"<p>Visitas: 2<\/p>\n<p>Este viernes se dio a conocer el fallecimiento del empresario regiomontano, Carlos Bremer, a los 63 a\u00f1os de edad.<\/p>\n\n\n\n<p>Cabe recordar que apenas este martes 2 de enero, fue hospitalizado tras sufrir un desvanecimiento.<\/p>\n\n\n\n<p>Tras lo ocurrido fue reportado como estable, aunque lamentablemente este viernes 5 de enero se dio a conocer su deceso.<\/p>\n\n\n\n<p>Seg\u00fan se inform\u00f3 en ese momento,&nbsp;el directivo de Value se encontraba con otra persona en una sala a la entrada del edificio y comenz\u00f3 a toser y vomitar. La persona fue por pa\u00f1uelos y al regresar lo encontr\u00f3 desvanecido.<\/p>\n\n\n\n<p>El alcalde de San Pedro, Nuevo Le\u00f3n, Carlos Trevi\u00f1o, lament\u00f3 el fallecimiento del reconocido empresario.<\/p>\n\n\n\n<p>A trav\u00e9s de su cuenta de Twitter escribi\u00f3: \u00abTe vamos a extra\u00f1ar, Carlos.<\/p>\n\n\n\n<p>Ante todo, Carlos Bremer fue un hombre generoso, siempre promoviendo el \u00e9xito de otros: deportistas, emprendedores, fil\u00e1ntropos, artistas.<\/p>\n\n\n\n<p>Un empresario que disfrutaba poner el nombre de M\u00e9xico en alto, resaltando el trabajo de mexicanos excepcionales. Y un gran amigo.<\/p>\n\n\n\n<p>Un abrazo con cari\u00f1o a su familia. Descanse en paz.\u00bb<\/p>\n\n\n\n<blockquote class=\"wp-block-quote is-layout-flow wp-block-quote-is-layout-flow\">\n<p>Te vamos a extra\u00f1ar, Carlos.<br><br>Ante todo, Carlos Bremer fue un hombre generoso, siempre promoviendo el \u00e9xito de otros: deportistas, emprendedores, fil\u00e1ntropos, artistas.<br><br>Un empresario que disfrutaba poner el nombre de M\u00e9xico en alto, resaltando el trabajo de mexicanos\u2026 <a href=\"https:\/\/t.co\/0yw9LE7ETB\">pic.twitter.com\/0yw9LE7ETB<\/a><\/p>\n<\/blockquote>\n\n\n\n<blockquote class=\"wp-block-quote is-layout-flow wp-block-quote-is-layout-flow\">\n<p>\u2014 Miguel B. Trevi\u00f1o (@miguelbtrevino) <a href=\"https:\/\/twitter.com\/miguelbtrevino\/status\/1743393597527818342?ref_src=twsrc%5Etfw\">January 5, 2024<\/a><\/p>\n<\/blockquote>\n\n\n\n<p>Por su parte, la&nbsp;Confederaci\u00f3n de C\u00e1maras Industriales de los Estados Unidos Mexicanos (Concamin) tambi\u00e9n lament\u00f3 el fallecimiento del empresario.<\/p>\n\n\n\n<p>\u00abQuienes conformamos la Confederaci\u00f3n, lamentamos el sensible fallecimiento del empresario Carlos Bremer,&nbsp;@carlosbremerg. Nos unimos a la pena que embarga a la familia.\u00bb<\/p>\n\n\n\n<blockquote class=\"wp-block-quote is-layout-flow wp-block-quote-is-layout-flow\">\n<p>Quienes conformamos la Confederaci\u00f3n, lamentamos el sensible fallecimiento del empresario Carlos Bremer, <a href=\"https:\/\/twitter.com\/carlosbremerg?ref_src=twsrc%5Etfw\">@carlosbremerg<\/a>. Nos unimos a la pena que embarga a la familia.<br><br>Descanse en paz ???? <a href=\"https:\/\/t.co\/klyHWmYVC7\">pic.twitter.com\/klyHWmYVC7<\/a> \u2014 CONCAMIN (@CONCAMIN) <a href=\"https:\/\/twitter.com\/CONCAMIN\/status\/1743394051347435966?ref_src=twsrc%5Etfw\">January 5, 2024<\/a><\/p>\n<\/blockquote>\n\n\n\n<p>XEU<\/p>\n","protected":false},"excerpt":{"rendered":"<p>Visitas: 2 Este viernes se dio a conocer el fallecimiento del empresario regiomontano, Carlos Bremer, a los 63 a\u00f1os de edad. Cabe recordar que apenas este martes 2 de enero, fue hospitalizado tras sufrir un desvanecimiento. Tras lo ocurrido fue reportado como estable, aunque lamentablemente este viernes 5 de enero se dio a conocer su [&hellip;]<\/p>\n","protected":false},"author":2,"featured_media":203092,"comment_status":"open","ping_status":"open","sticky":false,"template":"","format":"standard","meta":{"footnotes":""},"categories":[252],"tags":[],"class_list":{"0":"post-203091","1":"post","2":"type-post","3":"status-publish","4":"format-standard","5":"has-post-thumbnail","7":"category-nacionales"},"nelio_content":{"isAutoShareEnabled":true,"autoShareEndMode":"never","automationSources":{"useCustomSentences":false,"customSentences":[]},"followers":[],"suggestedReferences":[],"efiUrl":"","efiAlt":"","highlights":[],"permalinkQueryArgs":[],"series":[]},"_links":{"self":[{"href":"https:\/\/www.enteratever.com\/2023\/wp-json\/wp\/v2\/posts\/203091","targetHints":{"allow":["GET"]}}],"collection":[{"href":"https:\/\/www.enteratever.com\/2023\/wp-json\/wp\/v2\/posts"}],"about":[{"href":"https:\/\/www.enteratever.com\/2023\/wp-json\/wp\/v2\/types\/post"}],"author":[{"embeddable":true,"href":"https:\/\/www.enteratever.com\/2023\/wp-json\/wp\/v2\/users\/2"}],"replies":[{"embeddable":true,"href":"https:\/\/www.enteratever.com\/2023\/wp-json\/wp\/v2\/comments?post=203091"}],"version-history":[{"count":1,"href":"https:\/\/www.enteratever.com\/2023\/wp-json\/wp\/v2\/posts\/203091\/revisions"}],"predecessor-version":[{"id":203093,"href":"https:\/\/www.enteratever.com\/2023\/wp-json\/wp\/v2\/posts\/203091\/revisions\/203093"}],"wp:featuredmedia":[{"embeddable":true,"href":"https:\/\/www.enteratever.com\/2023\/wp-json\/wp\/v2\/media\/203092"}],"wp:attachment":[{"href":"https:\/\/www.enteratever.com\/2023\/wp-json\/wp\/v2\/media?parent=203091"}],"wp:term":[{"taxonomy":"category","embeddable":true,"href":"https:\/\/www.enteratever.com\/2023\/wp-json\/wp\/v2\/categories?post=203091"},{"taxonomy":"post_tag","embeddable":true,"href":"https:\/\/www.enteratever.com\/2023\/wp-json\/wp\/v2\/tags?post=203091"}],"curies":[{"name":"wp","href":"https:\/\/api.w.org\/{rel}","templated":true}]}}