{"id":203088,"date":"2024-01-05T15:37:53","date_gmt":"2024-01-05T21:37:53","guid":{"rendered":"https:\/\/www.enteratever.com\/2023\/?p=203088"},"modified":"2024-01-05T15:37:55","modified_gmt":"2024-01-05T21:37:55","slug":"el-antropologo-fisico-victor-acuna-alonzo-asume-la-direccion-de-la-escuela-nacional-de-antropologia-e-historia","status":"publish","type":"post","link":"https:\/\/www.enteratever.com\/2023\/2024\/01\/05\/el-antropologo-fisico-victor-acuna-alonzo-asume-la-direccion-de-la-escuela-nacional-de-antropologia-e-historia\/","title":{"rendered":"El antrop\u00f3logo f\u00edsico V\u00edctor Acu\u00f1a Alonzo asume la direcci\u00f3n de la Escuela Nacional de Antropolog\u00eda e Historia"},"content":{"rendered":"<p>Visitas: 3<\/p>\n<p>Con el respaldo de la comunidad de trabajadores, del profesorado y los estudiantes, el antrop\u00f3logo f\u00edsico V\u00edctor Acu\u00f1a Alonzo tom\u00f3 posesi\u00f3n como director, para el periodo 2024-2027, de la Escuela Nacional de Antropolog\u00eda e Historia (ENAH), \u201cla m\u00e1s importante instituci\u00f3n en M\u00e9xico y Latinoam\u00e9rica, formadora de antrop\u00f3logos e historiadores con perspectiva antropol\u00f3gica\u201d.<\/p>\n\n\n\n<p>De esta manera calific\u00f3 el director general del Instituto Nacional de Antropolog\u00eda e Historia (INAH), Diego Prieto Hern\u00e1ndez, al centro educativo con 85 a\u00f1os de existencia y, por tanto, pionero en la ense\u00f1anza de estas disciplinas en nuestro pa\u00eds, \u201cbajo la consigna de una antropolog\u00eda comprometida con la cr\u00edtica social, con la excelencia del trabajo cient\u00edfico y con los sectores m\u00e1s desfavorecidos, porque la ENAH es solidaria y revolucionaria\u201d.<\/p>\n\n\n\n<p>Ante una nutrida asistencia en el Auditorio Rom\u00e1n Pi\u00f1a Chan, ponder\u00f3 el resultado del proceso electoral que culmin\u00f3 con la elecci\u00f3n de V\u00edctor Acu\u00f1a Alonzo, quien sustituye en el cargo a Jos\u00e9 Luis Castrej\u00f3n Caballero, a quien reconoci\u00f3 por la reactivaci\u00f3n de los consejos T\u00e9cnico y Acad\u00e9mico de la escuela y el impulso de obras necesarias, entre ellas, el comedor comunitario que, en breve, prestar\u00e1 servicio.<\/p>\n\n\n\n<p>Prieto Hern\u00e1ndez dijo que como pendientes se encuentran la conclusi\u00f3n de la torre acad\u00e9mica, la b\u00fasqueda de mecanismos para dar mayor estabilidad laboral a los profesores de asignatura, el concurso de 11 plazas de profesores de tiempo completo, la renovaci\u00f3n de programas de estudio y atraer c\u00e1tedras Conahcyt.&nbsp;<\/p>\n\n\n\n<p>\u201cComo escuela de antropolog\u00eda nos corresponde dar cuenta de los grandes problemas de la naci\u00f3n, por ello, estamos convocados a apuntar la profundizaci\u00f3n de los cambios sociales que requiere el pa\u00eds, iluminados por el conocimiento que nos otorgan la antropolog\u00eda en sus diferentes disciplinas, y la historia con perspectiva antropol\u00f3gica\u201d, manifest\u00f3 el titular del INAH.<\/p>\n\n\n\n<p>El nuevo director de la ENAH, V\u00edctor Acu\u00f1a, se\u00f1al\u00f3 que su equipo integrar\u00e1 a profesionales que se han formado y ejercido dentro de la instituci\u00f3n, como la subdirectora de Extensi\u00f3n Acad\u00e9mica, Ir\u00e1n Rivera Gonz\u00e1lez, quien fung\u00eda como responsable del Laboratorio de Palinolog\u00eda.<\/p>\n\n\n\n<p>En su discurso resalt\u00f3 los valores que mantienen a la ENAH como instituci\u00f3n acad\u00e9mica l\u00edder: \u201cha sido siempre una escuela con vinculaci\u00f3n social, atendiendo a problemas nacionales; ha sido abierta al ofrecer oportunidades para todos; y su comunidad es m\u00f3vil y flexible, pero estable. Estas cualidades le dan una enorme fortaleza. Asumimos con alegr\u00eda este enorme reto\u201d.<\/p>\n\n\n\n<p><strong>Semblanza<\/strong><\/p>\n\n\n\n<p>V\u00edctor Acu\u00f1a Alonzo es antrop\u00f3logo f\u00edsico por la ENAH, candidato a doctor por el Human Genetics. Department of Genetics Evolution and Environment. University College London. Profesor-investigador de tiempo completo del INAH, adscrito a la Licenciatura de Antropolog\u00eda F\u00edsica de la ENAH, donde ha realizado tareas de docencia e investigaci\u00f3n formativa, y como responsable de los laboratorios de Gen\u00e9tica Molecular y de Fisiolog\u00eda, Bioqu\u00edmica y Gen\u00e9tica.<\/p>\n\n\n\n<p>En la ENAH fund\u00f3 el Laboratorio de Gen\u00e9tica Molecular, el cual, en 19 a\u00f1os ha puesto al alcance del estudiantado herramientas para el aprendizaje de temas innovadores de gen\u00e9tica antropol\u00f3gica. Ha colaborado con instituciones de prestigio internacional, como el University College London, el Max Planck Institute for Evolutionary Anthropology, la Universidad Complutense de Madrid, el Consejo Nacional de Investigaciones Cient\u00edficas y T\u00e9cnicas (Argentina) y el Instituto Nacional de Ciencias M\u00e9dicas y Nutrici\u00f3n (M\u00e9xico).<\/p>\n\n\n\n<p>En el \u00e1mbito institucional ha formado parte de las subcomisiones centrales de Admisi\u00f3n y de Evaluaci\u00f3n y Promoci\u00f3n del INAH. Ha sido jurado de los Premios INAH y asesor del Consejo de Arqueolog\u00eda. Fue miembro del Comit\u00e9 de \u00c9tica en Investigaci\u00f3n del Instituto Nacional de Medicina Gen\u00f3mica, y forma parte de comit\u00e9s editoriales de revistas de gen\u00e9tica y ciencia forense.<\/p>\n\n\n\n<p>Desde 2020, colabora con el Consorcio Universidades por la Ciencia\/Fundaci\u00f3n UNAM, donde coordin\u00f3 los ciclos de conferencias sobre antropolog\u00eda biol\u00f3gica y evoluci\u00f3n humana, y ha sido conferencista en el Colegio Nacional.<\/p>\n\n\n\n<p>Actualmente, y como parte del compromiso social con las comunidades, trabaja junto con sus estudiantes en el proyecto de divulgaci\u00f3n \u201cHuesos y mol\u00e9culas\u201d, en Tepexpan, Estado de M\u00e9xico, y en el proyecto comunitario \u201cMuseo de las Momias H\u00f1ah\u00f1us, en Caltimac\u00e1n, Estado de Hidalgo\u201d.<\/p>\n\n\n\n<p>Es coautor de m\u00e1s de 50 art\u00edculos cient\u00edficos y sus trabajos destacados se han publicado en revistas de alto impacto, como <em>Science<\/em> y <em>Nature<\/em>, aportando un importante v\u00ednculo de la perspectiva hist\u00f3rica y sociocultural con el estudio de la variabilidad biol\u00f3gica humana.&nbsp;&nbsp;<\/p>\n","protected":false},"excerpt":{"rendered":"<p>Visitas: 3 Con el respaldo de la comunidad de trabajadores, del profesorado y los estudiantes, el antrop\u00f3logo f\u00edsico V\u00edctor Acu\u00f1a Alonzo tom\u00f3 posesi\u00f3n como director, para el periodo 2024-2027, de la Escuela Nacional de Antropolog\u00eda e Historia (ENAH), \u201cla m\u00e1s importante instituci\u00f3n en M\u00e9xico y Latinoam\u00e9rica, formadora de antrop\u00f3logos e historiadores con perspectiva antropol\u00f3gica\u201d. De [&hellip;]<\/p>\n","protected":false},"author":2,"featured_media":203089,"comment_status":"open","ping_status":"open","sticky":false,"template":"","format":"standard","meta":{"footnotes":""},"categories":[252],"tags":[],"class_list":{"0":"post-203088","1":"post","2":"type-post","3":"status-publish","4":"format-standard","5":"has-post-thumbnail","7":"category-nacionales"},"nelio_content":{"isAutoShareEnabled":true,"autoShareEndMode":"never","automationSources":{"useCustomSentences":false,"customSentences":[]},"followers":[],"suggestedReferences":[],"efiUrl":"","efiAlt":"","highlights":[],"permalinkQueryArgs":[],"series":[]},"_links":{"self":[{"href":"https:\/\/www.enteratever.com\/2023\/wp-json\/wp\/v2\/posts\/203088","targetHints":{"allow":["GET"]}}],"collection":[{"href":"https:\/\/www.enteratever.com\/2023\/wp-json\/wp\/v2\/posts"}],"about":[{"href":"https:\/\/www.enteratever.com\/2023\/wp-json\/wp\/v2\/types\/post"}],"author":[{"embeddable":true,"href":"https:\/\/www.enteratever.com\/2023\/wp-json\/wp\/v2\/users\/2"}],"replies":[{"embeddable":true,"href":"https:\/\/www.enteratever.com\/2023\/wp-json\/wp\/v2\/comments?post=203088"}],"version-history":[{"count":1,"href":"https:\/\/www.enteratever.com\/2023\/wp-json\/wp\/v2\/posts\/203088\/revisions"}],"predecessor-version":[{"id":203090,"href":"https:\/\/www.enteratever.com\/2023\/wp-json\/wp\/v2\/posts\/203088\/revisions\/203090"}],"wp:featuredmedia":[{"embeddable":true,"href":"https:\/\/www.enteratever.com\/2023\/wp-json\/wp\/v2\/media\/203089"}],"wp:attachment":[{"href":"https:\/\/www.enteratever.com\/2023\/wp-json\/wp\/v2\/media?parent=203088"}],"wp:term":[{"taxonomy":"category","embeddable":true,"href":"https:\/\/www.enteratever.com\/2023\/wp-json\/wp\/v2\/categories?post=203088"},{"taxonomy":"post_tag","embeddable":true,"href":"https:\/\/www.enteratever.com\/2023\/wp-json\/wp\/v2\/tags?post=203088"}],"curies":[{"name":"wp","href":"https:\/\/api.w.org\/{rel}","templated":true}]}}