{"id":203009,"date":"2024-01-04T14:05:11","date_gmt":"2024-01-04T20:05:11","guid":{"rendered":"https:\/\/www.enteratever.com\/2023\/?p=203009"},"modified":"2024-01-04T14:05:14","modified_gmt":"2024-01-04T20:05:14","slug":"migrantes-secuestrados-en-tamaulipas-fueron-liberados-y-no-rescatados-amlo","status":"publish","type":"post","link":"https:\/\/www.enteratever.com\/2023\/2024\/01\/04\/migrantes-secuestrados-en-tamaulipas-fueron-liberados-y-no-rescatados-amlo\/","title":{"rendered":"Migrantes secuestrados en Tamaulipas fueron liberados y \u201cno rescatados\u201d: AMLO"},"content":{"rendered":"<p>Visitas: 0<\/p>\n<p>El presidente de M\u00e9xico, Andr\u00e9s Manuel L\u00f3pez Obrador, aclar\u00f3&nbsp; que los&nbsp;32 migrantes&nbsp;que fueron secuestrados en Tamaulipas desde el 30 de diciembre pasado&nbsp;no fueron \u00abrescatados\u00bb, como se hab\u00eda informado previamente, sino que sus captores&nbsp;decidieron liberarlos.<\/p>\n\n\n\n<p>Durante una conferencia de prensa, AMLO&nbsp;explic\u00f3 que, aunque se hab\u00eda mencionado inicialmente que los migrantes fueron rescatados, la realidad es que sus captores optaron por dejarlos en libertad.<\/p>\n\n\n\n<p>AMLO&nbsp;expres\u00f3 su satisfacci\u00f3n por la liberaci\u00f3n y asegur\u00f3 que todos los migrantes se encuentran sanos y a salvo.<\/p>\n\n\n\n<p>El mandatario detall\u00f3 que entre los liberados se encontraba una ni\u00f1a de un a\u00f1o, y todos ellos est\u00e1n proporcionando declaraciones ante el Ministerio P\u00fablico estatal. Explic\u00f3 que los secuestradores trasladaron a los migrantes desde un lugar inicial a un estacionamiento de un centro comercial, donde finalmente fueron liberados por sus captores.<\/p>\n\n\n\n<p>XEU<\/p>\n","protected":false},"excerpt":{"rendered":"<p>Visitas: 0 El presidente de M\u00e9xico, Andr\u00e9s Manuel L\u00f3pez Obrador, aclar\u00f3&nbsp; que los&nbsp;32 migrantes&nbsp;que fueron secuestrados en Tamaulipas desde el 30 de diciembre pasado&nbsp;no fueron \u00abrescatados\u00bb, como se hab\u00eda informado previamente, sino que sus captores&nbsp;decidieron liberarlos. Durante una conferencia de prensa, AMLO&nbsp;explic\u00f3 que, aunque se hab\u00eda mencionado inicialmente que los migrantes fueron rescatados, la realidad [&hellip;]<\/p>\n","protected":false},"author":2,"featured_media":184598,"comment_status":"open","ping_status":"open","sticky":false,"template":"","format":"standard","meta":{"footnotes":""},"categories":[252],"tags":[],"class_list":{"0":"post-203009","1":"post","2":"type-post","3":"status-publish","4":"format-standard","5":"has-post-thumbnail","7":"category-nacionales"},"nelio_content":{"isAutoShareEnabled":true,"autoShareEndMode":"never","automationSources":{"useCustomSentences":false,"customSentences":[]},"followers":[],"suggestedReferences":[],"efiUrl":"","efiAlt":"","highlights":[],"permalinkQueryArgs":[],"series":[]},"_links":{"self":[{"href":"https:\/\/www.enteratever.com\/2023\/wp-json\/wp\/v2\/posts\/203009","targetHints":{"allow":["GET"]}}],"collection":[{"href":"https:\/\/www.enteratever.com\/2023\/wp-json\/wp\/v2\/posts"}],"about":[{"href":"https:\/\/www.enteratever.com\/2023\/wp-json\/wp\/v2\/types\/post"}],"author":[{"embeddable":true,"href":"https:\/\/www.enteratever.com\/2023\/wp-json\/wp\/v2\/users\/2"}],"replies":[{"embeddable":true,"href":"https:\/\/www.enteratever.com\/2023\/wp-json\/wp\/v2\/comments?post=203009"}],"version-history":[{"count":1,"href":"https:\/\/www.enteratever.com\/2023\/wp-json\/wp\/v2\/posts\/203009\/revisions"}],"predecessor-version":[{"id":203010,"href":"https:\/\/www.enteratever.com\/2023\/wp-json\/wp\/v2\/posts\/203009\/revisions\/203010"}],"wp:featuredmedia":[{"embeddable":true,"href":"https:\/\/www.enteratever.com\/2023\/wp-json\/wp\/v2\/media\/184598"}],"wp:attachment":[{"href":"https:\/\/www.enteratever.com\/2023\/wp-json\/wp\/v2\/media?parent=203009"}],"wp:term":[{"taxonomy":"category","embeddable":true,"href":"https:\/\/www.enteratever.com\/2023\/wp-json\/wp\/v2\/categories?post=203009"},{"taxonomy":"post_tag","embeddable":true,"href":"https:\/\/www.enteratever.com\/2023\/wp-json\/wp\/v2\/tags?post=203009"}],"curies":[{"name":"wp","href":"https:\/\/api.w.org\/{rel}","templated":true}]}}