{"id":203004,"date":"2024-01-04T13:59:49","date_gmt":"2024-01-04T19:59:49","guid":{"rendered":"https:\/\/www.enteratever.com\/2023\/?p=203004"},"modified":"2024-01-04T13:59:53","modified_gmt":"2024-01-04T19:59:53","slug":"norma-pina-impone-toga-y-entrega-credenciales-a-lenia-batres-como-ministra-de-la-corte","status":"publish","type":"post","link":"https:\/\/www.enteratever.com\/2023\/2024\/01\/04\/norma-pina-impone-toga-y-entrega-credenciales-a-lenia-batres-como-ministra-de-la-corte\/","title":{"rendered":"Norma Pi\u00f1a impone toga y entrega credenciales a Lenia Batres como ministra de la Corte"},"content":{"rendered":"<p>Visitas: 4<\/p>\n<p>Este jueves, Lenia Batres Guadarrama&nbsp;fue&nbsp;investida&nbsp;en sesi\u00f3n solemne como&nbsp;nueva ministra&nbsp;de la&nbsp;Suprema Corte de Justicia de la Naci\u00f3n.<\/p>\n\n\n\n<p>Cabe recordar que Batres Guadarrama, fue designada de forma directa por el presidente&nbsp;Andr\u00e9s Manuel L\u00f3pez Obrador.<\/p>\n\n\n\n<p>La ahora ministra,&nbsp; sustituye al expresidente de la SCJN,&nbsp;Arturo Zald\u00edvar,&nbsp;quien renunci\u00f3 un a\u00f1o antes de concluir su periodo de 15 a\u00f1os.<\/p>\n\n\n\n<p>Dicha sesi\u00f3n es presidida por la presidenta de la Corte,&nbsp;Norma Luc\u00eda Pi\u00f1a Hern\u00e1ndez,&nbsp;quien le impuso la toga y le entreg\u00f3 la credenciales.<\/p>\n\n\n\n<p>Durante la sesi\u00f3n se prev\u00e9 que uno de los ministros d\u00e9 un discurso de bienvenida a Batres Guadarrama, hermana del jefe de gobierno de la Ciudad de M\u00e9xico,&nbsp;Mart\u00ed Batres.<\/p>\n\n\n\n<p>Despu\u00e9s de colocarle la toga, Lenia Batres ofrece un discurso ante el pleno e invitados presentes en la sala de sesiones.<\/p>\n\n\n\n<p>XEU<\/p>\n","protected":false},"excerpt":{"rendered":"<p>Visitas: 4 Este jueves, Lenia Batres Guadarrama&nbsp;fue&nbsp;investida&nbsp;en sesi\u00f3n solemne como&nbsp;nueva ministra&nbsp;de la&nbsp;Suprema Corte de Justicia de la Naci\u00f3n. Cabe recordar que Batres Guadarrama, fue designada de forma directa por el presidente&nbsp;Andr\u00e9s Manuel L\u00f3pez Obrador. La ahora ministra,&nbsp; sustituye al expresidente de la SCJN,&nbsp;Arturo Zald\u00edvar,&nbsp;quien renunci\u00f3 un a\u00f1o antes de concluir su periodo de 15 a\u00f1os. [&hellip;]<\/p>\n","protected":false},"author":2,"featured_media":203007,"comment_status":"open","ping_status":"open","sticky":false,"template":"","format":"standard","meta":{"footnotes":""},"categories":[252],"tags":[],"class_list":{"0":"post-203004","1":"post","2":"type-post","3":"status-publish","4":"format-standard","5":"has-post-thumbnail","7":"category-nacionales"},"nelio_content":{"isAutoShareEnabled":true,"autoShareEndMode":"never","automationSources":{"useCustomSentences":false,"customSentences":[]},"followers":[],"suggestedReferences":[],"efiUrl":"","efiAlt":"","highlights":[],"permalinkQueryArgs":[],"series":[]},"_links":{"self":[{"href":"https:\/\/www.enteratever.com\/2023\/wp-json\/wp\/v2\/posts\/203004","targetHints":{"allow":["GET"]}}],"collection":[{"href":"https:\/\/www.enteratever.com\/2023\/wp-json\/wp\/v2\/posts"}],"about":[{"href":"https:\/\/www.enteratever.com\/2023\/wp-json\/wp\/v2\/types\/post"}],"author":[{"embeddable":true,"href":"https:\/\/www.enteratever.com\/2023\/wp-json\/wp\/v2\/users\/2"}],"replies":[{"embeddable":true,"href":"https:\/\/www.enteratever.com\/2023\/wp-json\/wp\/v2\/comments?post=203004"}],"version-history":[{"count":1,"href":"https:\/\/www.enteratever.com\/2023\/wp-json\/wp\/v2\/posts\/203004\/revisions"}],"predecessor-version":[{"id":203008,"href":"https:\/\/www.enteratever.com\/2023\/wp-json\/wp\/v2\/posts\/203004\/revisions\/203008"}],"wp:featuredmedia":[{"embeddable":true,"href":"https:\/\/www.enteratever.com\/2023\/wp-json\/wp\/v2\/media\/203007"}],"wp:attachment":[{"href":"https:\/\/www.enteratever.com\/2023\/wp-json\/wp\/v2\/media?parent=203004"}],"wp:term":[{"taxonomy":"category","embeddable":true,"href":"https:\/\/www.enteratever.com\/2023\/wp-json\/wp\/v2\/categories?post=203004"},{"taxonomy":"post_tag","embeddable":true,"href":"https:\/\/www.enteratever.com\/2023\/wp-json\/wp\/v2\/tags?post=203004"}],"curies":[{"name":"wp","href":"https:\/\/api.w.org\/{rel}","templated":true}]}}