{"id":203003,"date":"2024-01-04T13:56:38","date_gmt":"2024-01-04T19:56:38","guid":{"rendered":"https:\/\/www.enteratever.com\/2023\/?p=203003"},"modified":"2024-01-04T13:56:43","modified_gmt":"2024-01-04T19:56:43","slug":"lenia-batres-arremete-contra-la-corte-al-asumir-el-cargo-de-ministra","status":"publish","type":"post","link":"https:\/\/www.enteratever.com\/2023\/2024\/01\/04\/lenia-batres-arremete-contra-la-corte-al-asumir-el-cargo-de-ministra\/","title":{"rendered":"Lenia Batres arremete contra la Corte al asumir el cargo de ministra"},"content":{"rendered":"<p>Visitas: 1<\/p>\n<p>Lenia Batres Guadarrama , reci\u00e9n nombrada ministra de la Suprema Corte de Justicia de la Naci\u00f3n, arremeti\u00f3 contra la Corte, al se\u00f1alarlo de extralimitarse y estar enfocado en casos con fuertes implicaciones pol\u00edticas que afectan al orden p\u00fablico y al inter\u00e9s.<\/p>\n\n\n\n<p>Ante el pleno de ministros, acus\u00f3 que el m\u00e1ximo tribunal&nbsp;ha incurrido en&nbsp;excesos&nbsp;que indican que no se tiene una Corte subordinada a la Constituci\u00f3n, sino una Carta Magna subordinada a la Suprema Corte.<\/p>\n\n\n\n<p>\u201cEs cierto que los juicios deben tener una instancia de cierre, pero eso no quiere decir que los acuerdos generales que dicta la Suprema Corte o su jurisprudencia puedan estar por arriba de la Constituci\u00f3n o de las Leyes Mexicanas. Por eso hablamos de excesos\u201d, refiri\u00f3.<\/p>\n\n\n\n<p>\u201cPodr\u00e1n decir que la Suprema Corte s\u00ed es el \u00f3rgano supremo en el pa\u00eds porque puede anular leyes por mayor\u00eda calificada. Pero se equivocan. Si actuara como verdadero tribunal constitucional, no prevalecer\u00eda la Suprema Corte, sino la Constituci\u00f3n\u201d.<\/p>\n\n\n\n<p>XEU<\/p>\n","protected":false},"excerpt":{"rendered":"<p>Visitas: 1 Lenia Batres Guadarrama , reci\u00e9n nombrada ministra de la Suprema Corte de Justicia de la Naci\u00f3n, arremeti\u00f3 contra la Corte, al se\u00f1alarlo de extralimitarse y estar enfocado en casos con fuertes implicaciones pol\u00edticas que afectan al orden p\u00fablico y al inter\u00e9s. Ante el pleno de ministros, acus\u00f3 que el m\u00e1ximo tribunal&nbsp;ha incurrido en&nbsp;excesos&nbsp;que [&hellip;]<\/p>\n","protected":false},"author":2,"featured_media":203005,"comment_status":"open","ping_status":"open","sticky":false,"template":"","format":"standard","meta":{"footnotes":""},"categories":[252],"tags":[],"class_list":{"0":"post-203003","1":"post","2":"type-post","3":"status-publish","4":"format-standard","5":"has-post-thumbnail","7":"category-nacionales"},"nelio_content":{"isAutoShareEnabled":true,"autoShareEndMode":"never","automationSources":{"useCustomSentences":false,"customSentences":[]},"followers":[],"suggestedReferences":[],"efiUrl":"","efiAlt":"","highlights":[],"permalinkQueryArgs":[],"series":[]},"_links":{"self":[{"href":"https:\/\/www.enteratever.com\/2023\/wp-json\/wp\/v2\/posts\/203003","targetHints":{"allow":["GET"]}}],"collection":[{"href":"https:\/\/www.enteratever.com\/2023\/wp-json\/wp\/v2\/posts"}],"about":[{"href":"https:\/\/www.enteratever.com\/2023\/wp-json\/wp\/v2\/types\/post"}],"author":[{"embeddable":true,"href":"https:\/\/www.enteratever.com\/2023\/wp-json\/wp\/v2\/users\/2"}],"replies":[{"embeddable":true,"href":"https:\/\/www.enteratever.com\/2023\/wp-json\/wp\/v2\/comments?post=203003"}],"version-history":[{"count":1,"href":"https:\/\/www.enteratever.com\/2023\/wp-json\/wp\/v2\/posts\/203003\/revisions"}],"predecessor-version":[{"id":203006,"href":"https:\/\/www.enteratever.com\/2023\/wp-json\/wp\/v2\/posts\/203003\/revisions\/203006"}],"wp:featuredmedia":[{"embeddable":true,"href":"https:\/\/www.enteratever.com\/2023\/wp-json\/wp\/v2\/media\/203005"}],"wp:attachment":[{"href":"https:\/\/www.enteratever.com\/2023\/wp-json\/wp\/v2\/media?parent=203003"}],"wp:term":[{"taxonomy":"category","embeddable":true,"href":"https:\/\/www.enteratever.com\/2023\/wp-json\/wp\/v2\/categories?post=203003"},{"taxonomy":"post_tag","embeddable":true,"href":"https:\/\/www.enteratever.com\/2023\/wp-json\/wp\/v2\/tags?post=203003"}],"curies":[{"name":"wp","href":"https:\/\/api.w.org\/{rel}","templated":true}]}}