{"id":202935,"date":"2024-01-02T12:43:06","date_gmt":"2024-01-02T18:43:06","guid":{"rendered":"https:\/\/www.enteratever.com\/2023\/?p=202935"},"modified":"2024-01-02T12:43:09","modified_gmt":"2024-01-02T18:43:09","slug":"adelantaran-dos-bimestres-del-pago-de-pension-a-adultos-mayores","status":"publish","type":"post","link":"https:\/\/www.enteratever.com\/2023\/2024\/01\/02\/adelantaran-dos-bimestres-del-pago-de-pension-a-adultos-mayores\/","title":{"rendered":"Adelantar\u00e1n dos bimestres del pago de pensi\u00f3n a adultos mayores"},"content":{"rendered":"<p>Visitas: 0<\/p>\n<p>En el mes de febrero se pagar\u00e1n dos bimestres del pago de la pensi\u00f3n del Bienestar para adultos mayores, inform\u00f3 la secretaria del Bienestar, Ariadna Montiel.<\/p>\n\n\n\n<p>En conferencia de prensa ma\u00f1anera, indic\u00f3 que por la veda electoral, los bimestres marzo &#8211; abril y mayo &#8211; junio, se pagar\u00e1n en el mes de febrero.<\/p>\n\n\n\n<p>Se espera que&nbsp;a finales de enero, cuando se termine de pagar el primer bimestre, se de a conocer el nuevo calendario de pago.<\/p>\n\n\n\n<p>Asimismo, inform\u00f3 que las personas que recientemente se incorporaron a la pensi\u00f3n del Bienestar porque pronto cumplir\u00e1n 65 a\u00f1os, recibir\u00e1n el pago de su derecho en cuanto cumplan la edad.<\/p>\n\n\n\n<p>Se\u00f1al\u00f3 que el pago de la pensi\u00f3n se har\u00e1 de inmediato los beneficiarios cumplan los 65 a\u00f1os, sin embargo, se hizo el registro previo debido a la veda electoral.<\/p>\n\n\n\n<p>\u00abTambi\u00e9n a quienes se registraron en diciembre, les vamos a pagar respecto al mes que nacieron ,registramos a quienes nacieron en noviembre a junio y a ellos les pagaremos como les corresponde porque lo que tenemos limitado son las reuniones, por eso hicimos este registro anticipado para poderles depositarles su derecho inmediatamente cuando cumplan su edad\u00bb, dijo.<\/p>\n\n\n\n<p>XEU<\/p>\n","protected":false},"excerpt":{"rendered":"<p>Visitas: 0 En el mes de febrero se pagar\u00e1n dos bimestres del pago de la pensi\u00f3n del Bienestar para adultos mayores, inform\u00f3 la secretaria del Bienestar, Ariadna Montiel. En conferencia de prensa ma\u00f1anera, indic\u00f3 que por la veda electoral, los bimestres marzo &#8211; abril y mayo &#8211; junio, se pagar\u00e1n en el mes de febrero. [&hellip;]<\/p>\n","protected":false},"author":2,"featured_media":171896,"comment_status":"open","ping_status":"open","sticky":false,"template":"","format":"standard","meta":{"footnotes":""},"categories":[252],"tags":[41],"class_list":{"0":"post-202935","1":"post","2":"type-post","3":"status-publish","4":"format-standard","5":"has-post-thumbnail","7":"category-nacionales","8":"tag-portada"},"nelio_content":{"isAutoShareEnabled":true,"autoShareEndMode":"never","automationSources":{"useCustomSentences":false,"customSentences":[]},"followers":[],"suggestedReferences":[],"efiUrl":"","efiAlt":"","highlights":[],"permalinkQueryArgs":[],"series":[]},"_links":{"self":[{"href":"https:\/\/www.enteratever.com\/2023\/wp-json\/wp\/v2\/posts\/202935","targetHints":{"allow":["GET"]}}],"collection":[{"href":"https:\/\/www.enteratever.com\/2023\/wp-json\/wp\/v2\/posts"}],"about":[{"href":"https:\/\/www.enteratever.com\/2023\/wp-json\/wp\/v2\/types\/post"}],"author":[{"embeddable":true,"href":"https:\/\/www.enteratever.com\/2023\/wp-json\/wp\/v2\/users\/2"}],"replies":[{"embeddable":true,"href":"https:\/\/www.enteratever.com\/2023\/wp-json\/wp\/v2\/comments?post=202935"}],"version-history":[{"count":1,"href":"https:\/\/www.enteratever.com\/2023\/wp-json\/wp\/v2\/posts\/202935\/revisions"}],"predecessor-version":[{"id":202936,"href":"https:\/\/www.enteratever.com\/2023\/wp-json\/wp\/v2\/posts\/202935\/revisions\/202936"}],"wp:featuredmedia":[{"embeddable":true,"href":"https:\/\/www.enteratever.com\/2023\/wp-json\/wp\/v2\/media\/171896"}],"wp:attachment":[{"href":"https:\/\/www.enteratever.com\/2023\/wp-json\/wp\/v2\/media?parent=202935"}],"wp:term":[{"taxonomy":"category","embeddable":true,"href":"https:\/\/www.enteratever.com\/2023\/wp-json\/wp\/v2\/categories?post=202935"},{"taxonomy":"post_tag","embeddable":true,"href":"https:\/\/www.enteratever.com\/2023\/wp-json\/wp\/v2\/tags?post=202935"}],"curies":[{"name":"wp","href":"https:\/\/api.w.org\/{rel}","templated":true}]}}