{"id":202916,"date":"2024-01-02T08:13:21","date_gmt":"2024-01-02T14:13:21","guid":{"rendered":"https:\/\/www.enteratever.com\/2023\/?p=202916"},"modified":"2024-01-02T08:13:25","modified_gmt":"2024-01-02T14:13:25","slug":"impulsan-iniciativa-para-prohibir-el-maltrato-infantil-como-forma-de-correccion-o-disciplina","status":"publish","type":"post","link":"https:\/\/www.enteratever.com\/2023\/2024\/01\/02\/impulsan-iniciativa-para-prohibir-el-maltrato-infantil-como-forma-de-correccion-o-disciplina\/","title":{"rendered":"Impulsan iniciativa para prohibir el maltrato infantil como forma de correcci\u00f3n o disciplina"},"content":{"rendered":"<p>Visitas: 1<\/p>\n<p>La diputada Esther Berenice Mart\u00ednez D\u00edaz (Morena) impulsa una iniciativa que reforma y adiciona diversas disposiciones del C\u00f3digo Penal Federal, con el prop\u00f3sito de prohibir \u201cel castigo f\u00edsico, psicol\u00f3gico y los tratos humillantes y denigrantes infligidos a ni\u00f1os, ni\u00f1as y adolescentes, como forma de correcci\u00f3n o disciplina\u201d.<\/p>\n\n\n\n<p>La propuesta, enviada a la Comisi\u00f3n de Justicia para dictamen, modifica el t\u00edtulo decimonoveno de dicho precepto para denominarlo: Delitos contra la vida, \u201cla dignidad\u201d y la integridad corporal. Asimismo, adiciona el cap\u00edtulo II \u201cDel Maltrato Infantil\u201d, que comprende el art\u00edculo 301 Bis, a fin de establecer sanciones de cuatro a 12 a\u00f1os de prisi\u00f3n y 400 a mil 200 d\u00edas multa a quien con motivo de maltrato infantil desproteja a ni\u00f1as, ni\u00f1os y adolescentes, provocando el descuido, la negligencia y el abuso emocional y f\u00edsico.&nbsp;<\/p>\n\n\n\n<p>Tambi\u00e9n a quien \u201cretenga, sustraiga, oculte, maltrate, amenace, ponga en peligro o promueva mecanismos jur\u00eddicos y no jur\u00eddicos que retrasen, obstaculicen, limiten e impidan la convivencia, con cualquiera de los progenitores y familia ampliada\u201d.<\/p>\n\n\n\n<p>Las penas se aumentar\u00e1n en una mitad m\u00e1s cuando se provoque o induzca \u201ca la participaci\u00f3n de ni\u00f1as, ni\u00f1os y adolescentes en conflictos armados, situaci\u00f3n de calle o mendicidad, situaciones de refugio o desplazamiento\u201d.<\/p>\n\n\n\n<p>Lo anterior, sin perjuicio de que se acumulen las sanciones que correspondan por otras conductas il\u00edcitas que concurran en la realizaci\u00f3n del delito y de las responsabilidades civiles que correspondan a quienes ejerzan la patria potestad, tutela o guarda y custodia, de conformidad con las disposiciones aplicables.<\/p>\n\n\n\n<p>Para los efectos del C\u00f3digo Penal Federal se considerar\u00e1 como abuso emocional cualquier acto u omisi\u00f3n que da\u00f1e la estabilidad psicol\u00f3gica, que puede consistir en negligencia, abandono, descuido reiterado, insultos, humillaciones, devaluaci\u00f3n, marginaci\u00f3n, indiferencia, comparaciones destructivas, rechazo, restricci\u00f3n a la autodeterminaci\u00f3n y amenazas.<\/p>\n\n\n\n<p>Asimismo, limitar su derecho a la libre convivencia con cualquiera de los progenitores y familia ampliada, y como abuso f\u00edsico, se considerar\u00e1 cualquier acto que inflige da\u00f1o no accidental, usando la fuerza f\u00edsica o alg\u00fan tipo de objeto que pueda provocar o no lesiones ya sean internas, externas, o ambas.&nbsp;<\/p>\n\n\n\n<p>&nbsp;La legisladora Mart\u00ednez D\u00edaz asevera que esta reforma permitir\u00e1 garantizar los derechos de la ni\u00f1ez y la adolescencia, para que se desarrollen bajo un trato digno y libre de todo tipo de violencia por parte de sus madres, padres, docentes y cuidadores. &nbsp;<\/p>\n\n\n\n<p>Enfatiza que es necesario concientizar a la poblaci\u00f3n que la educaci\u00f3n con gritos, insultos y golpes es perjudicial para el sano desarrollo de la ni\u00f1ez y la adolescencia, ya que esto puede ocasionar baja autoestima, aislamiento, dificultades en la atenci\u00f3n, ansiedad, retraso del lenguaje, agresividad, problemas de conducta, miedos y depresi\u00f3n, y a largo plazo se pueden producir alteraciones del sue\u00f1o y de la alimentaci\u00f3n.<\/p>\n\n\n\n<p>Indica que, de acuerdo con el Instituto Nacional de Estad\u00edstica y Geograf\u00eda (Inegi), entre 2012 y 2017 fueron asesinados casi dos mil 600 personas menores de 15 a\u00f1os, 42 por ciento por alg\u00fan familiar, en sus hogares o por maltrato. Padres, madres y padrastros son los principales agresores. &nbsp;<\/p>\n\n\n\n<p>Seg\u00fan el Sistema de Protecci\u00f3n Integral de Ni\u00f1as, Ni\u00f1os y Adolescentes (Sipinna), en 2020 se registraron 27 mil 526 personas entre uno y 17 a\u00f1os que fueron atendidas en hospitales de M\u00e9xico por lesiones ocurridas en el interior de sus hogares.&nbsp;<\/p>\n\n\n\n<p>Finalmente, apunt\u00f3 que el prop\u00f3sito de sancionar las conductas violentas en contra de las personas menores de edad es estar en congruencia con lo establecido en la Ley General de los Derechos de Ni\u00f1as, Ni\u00f1os y Adolescentes, la cual se\u00f1ala que las autoridades federales, de las entidades federativas, municipales y de las demarcaciones territoriales de la Ciudad de M\u00e9xico est\u00e1n obligadas a tomar las medidas necesarias para prevenir, atender y sancionar los casos de descuido, negligencia, abandono o abuso f\u00edsico, psicol\u00f3gico o sexual, el castigo corporal o f\u00edsico de menores.&nbsp;<\/p>\n","protected":false},"excerpt":{"rendered":"<p>Visitas: 1 La diputada Esther Berenice Mart\u00ednez D\u00edaz (Morena) impulsa una iniciativa que reforma y adiciona diversas disposiciones del C\u00f3digo Penal Federal, con el prop\u00f3sito de prohibir \u201cel castigo f\u00edsico, psicol\u00f3gico y los tratos humillantes y denigrantes infligidos a ni\u00f1os, ni\u00f1as y adolescentes, como forma de correcci\u00f3n o disciplina\u201d. La propuesta, enviada a la Comisi\u00f3n [&hellip;]<\/p>\n","protected":false},"author":2,"featured_media":202918,"comment_status":"open","ping_status":"open","sticky":false,"template":"","format":"standard","meta":{"footnotes":""},"categories":[252],"tags":[],"class_list":{"0":"post-202916","1":"post","2":"type-post","3":"status-publish","4":"format-standard","5":"has-post-thumbnail","7":"category-nacionales"},"nelio_content":{"isAutoShareEnabled":true,"autoShareEndMode":"never","automationSources":{"useCustomSentences":false,"customSentences":[]},"followers":[],"suggestedReferences":[],"efiUrl":"","efiAlt":"","highlights":[],"permalinkQueryArgs":[],"series":[]},"_links":{"self":[{"href":"https:\/\/www.enteratever.com\/2023\/wp-json\/wp\/v2\/posts\/202916","targetHints":{"allow":["GET"]}}],"collection":[{"href":"https:\/\/www.enteratever.com\/2023\/wp-json\/wp\/v2\/posts"}],"about":[{"href":"https:\/\/www.enteratever.com\/2023\/wp-json\/wp\/v2\/types\/post"}],"author":[{"embeddable":true,"href":"https:\/\/www.enteratever.com\/2023\/wp-json\/wp\/v2\/users\/2"}],"replies":[{"embeddable":true,"href":"https:\/\/www.enteratever.com\/2023\/wp-json\/wp\/v2\/comments?post=202916"}],"version-history":[{"count":1,"href":"https:\/\/www.enteratever.com\/2023\/wp-json\/wp\/v2\/posts\/202916\/revisions"}],"predecessor-version":[{"id":202920,"href":"https:\/\/www.enteratever.com\/2023\/wp-json\/wp\/v2\/posts\/202916\/revisions\/202920"}],"wp:featuredmedia":[{"embeddable":true,"href":"https:\/\/www.enteratever.com\/2023\/wp-json\/wp\/v2\/media\/202918"}],"wp:attachment":[{"href":"https:\/\/www.enteratever.com\/2023\/wp-json\/wp\/v2\/media?parent=202916"}],"wp:term":[{"taxonomy":"category","embeddable":true,"href":"https:\/\/www.enteratever.com\/2023\/wp-json\/wp\/v2\/categories?post=202916"},{"taxonomy":"post_tag","embeddable":true,"href":"https:\/\/www.enteratever.com\/2023\/wp-json\/wp\/v2\/tags?post=202916"}],"curies":[{"name":"wp","href":"https:\/\/api.w.org\/{rel}","templated":true}]}}