{"id":202768,"date":"2023-12-27T10:57:41","date_gmt":"2023-12-27T16:57:41","guid":{"rendered":"https:\/\/www.enteratever.com\/2023\/?p=202768"},"modified":"2023-12-27T10:57:45","modified_gmt":"2023-12-27T16:57:45","slug":"avanza-la-restauracion-de-espacios-del-museo-de-las-culturas-de-oaxaca","status":"publish","type":"post","link":"https:\/\/www.enteratever.com\/2023\/2023\/12\/27\/avanza-la-restauracion-de-espacios-del-museo-de-las-culturas-de-oaxaca\/","title":{"rendered":"Avanza la restauraci\u00f3n de espacios del Museo de las Culturas de Oaxaca"},"content":{"rendered":"<p>Visitas: 4<\/p>\n<p>El Museo de las Culturas de Oaxaca, alojado en el Ex Convento de Santo Domingo de Guzm\u00e1n, es objeto de un trabajo de restauraci\u00f3n integral de sus espacios exteriores e interiores, mediante el cual se atienden grietas y fisuras que generaron problemas de humedad, acumulaci\u00f3n de sales y goteras.<\/p>\n\n\n\n<p>Dichas afectaciones en el inmueble, construido por la orden dominica entre los siglos XVI y XVII, se identificaron durante las supervisiones peri\u00f3dicas realizadas por la Secretar\u00eda de Cultura federal, a trav\u00e9s del Instituto Nacional de Antropolog\u00eda e Historia (INAH).<\/p>\n\n\n\n<p>Para atenderlas, se trabaja en el exterior de las b\u00f3vedas de las salas de exposiciones permanentes X, XII y XIII, en el ca\u00f1\u00f3n del corredor adyacente a ellas y elementos arquitect\u00f3nicos del \u00e1rea perimetral del museo; mientras que, de manera interna, en la yeser\u00eda y dorados de los muros y b\u00f3veda de la escalera monumental.<\/p>\n\n\n\n<p>De acuerdo con el director del recinto, Jos\u00e9 Luis Noria S\u00e1nchez, dichas labores iniciaron en agosto de 2023 y concluir\u00e1n a finales de diciembre y\/o principios de enero de 2024, las cuales son ejecutadas por ingenieros, arquitectos y restauradores del \u00c1rea de Monumentos Hist\u00f3ricos del Centro INAH Oaxaca, con apoyo de un grupo de trabajadores de la construcci\u00f3n.<\/p>\n\n\n\n<p>\u201cGracias a los financiamientos logrados por la cartera de inversi\u00f3n del Programa Nacional de Reconstrucci\u00f3n, las obras se pusieron en marcha sin tener que interrumpir el acceso y garantizando la seguridad del p\u00fablico\u201d, indic\u00f3 Noria S\u00e1nchez.<\/p>\n\n\n\n<p>Detall\u00f3 que en el muro perimetral del ex convento, en la secci\u00f3n correspondiente al Jard\u00edn Etnobot\u00e1nico de Oaxaca, el equipo ha reemplazado varios dinteles, cornisas y g\u00e1rgolas de cantera, las cuales presentaban grietas y desprendimientos de material.<\/p>\n\n\n\n<p>En las b\u00f3vedas de las salas, los expertos optaron por la liberaci\u00f3n de enladrillados y entortados para permitir su ventilaci\u00f3n y la salida de la humedad; adem\u00e1s, se hizo una limpieza integral y se liberaron las juntas disgregadas, para volver a cubrirlas.<\/p>\n\n\n\n<p>Dentro del inmueble, la restauraci\u00f3n se centr\u00f3 en la yeser\u00eda y dorados del espacio de los muros y b\u00f3veda de la escalera monumental, as\u00ed como en los muros del gran vest\u00edbulo que da acceso a la celda del prior, los cuales ten\u00edan grietas y fisuras.<\/p>\n\n\n\n<p>En estos \u00faltimos casos, el personal de restauraci\u00f3n inici\u00f3 una serie de calas estratigr\u00e1ficas para revisar el estado de las superficies y analizar los materiales con los que fueron construidos, a fin de definir un plan de trabajo. Primero, se eliminaron restos de intervenciones anteriores, hechas de forma inadecuada, y se procedi\u00f3 al fijado de escamas de los dorados, resanes de las paredes, limpieza f\u00edsico qu\u00edmica y, por \u00faltimo, la reintegraci\u00f3n crom\u00e1tica.<\/p>\n\n\n\n<p>Noria S\u00e1nchez mencion\u00f3 que una vez concluidos los trabajos de restauraci\u00f3n y el retiro de andamios, se proceder\u00e1 a la reapertura de dichos espacios.<\/p>\n\n\n\n<p>El Museo de las Culturas de Oaxaca se ubica en la calle de Macedonio Alcal\u00e1 s\/n, esquina Adolfo C. Gurri\u00f3n, colonia Centro, Oaxaca de Ju\u00e1rez, Oaxaca. Horario: martes a domingo, de 9:00 a 17:30 horas. Costo: $90.00.<\/p>\n","protected":false},"excerpt":{"rendered":"<p>Visitas: 4 El Museo de las Culturas de Oaxaca, alojado en el Ex Convento de Santo Domingo de Guzm\u00e1n, es objeto de un trabajo de restauraci\u00f3n integral de sus espacios exteriores e interiores, mediante el cual se atienden grietas y fisuras que generaron problemas de humedad, acumulaci\u00f3n de sales y goteras. Dichas afectaciones en el [&hellip;]<\/p>\n","protected":false},"author":2,"featured_media":202772,"comment_status":"open","ping_status":"open","sticky":false,"template":"","format":"standard","meta":{"footnotes":""},"categories":[252],"tags":[],"class_list":{"0":"post-202768","1":"post","2":"type-post","3":"status-publish","4":"format-standard","5":"has-post-thumbnail","7":"category-nacionales"},"nelio_content":{"isAutoShareEnabled":true,"autoShareEndMode":"never","automationSources":{"useCustomSentences":false,"customSentences":[]},"followers":[],"suggestedReferences":[],"efiUrl":"","efiAlt":"","highlights":[],"permalinkQueryArgs":[],"series":[]},"_links":{"self":[{"href":"https:\/\/www.enteratever.com\/2023\/wp-json\/wp\/v2\/posts\/202768","targetHints":{"allow":["GET"]}}],"collection":[{"href":"https:\/\/www.enteratever.com\/2023\/wp-json\/wp\/v2\/posts"}],"about":[{"href":"https:\/\/www.enteratever.com\/2023\/wp-json\/wp\/v2\/types\/post"}],"author":[{"embeddable":true,"href":"https:\/\/www.enteratever.com\/2023\/wp-json\/wp\/v2\/users\/2"}],"replies":[{"embeddable":true,"href":"https:\/\/www.enteratever.com\/2023\/wp-json\/wp\/v2\/comments?post=202768"}],"version-history":[{"count":1,"href":"https:\/\/www.enteratever.com\/2023\/wp-json\/wp\/v2\/posts\/202768\/revisions"}],"predecessor-version":[{"id":202773,"href":"https:\/\/www.enteratever.com\/2023\/wp-json\/wp\/v2\/posts\/202768\/revisions\/202773"}],"wp:featuredmedia":[{"embeddable":true,"href":"https:\/\/www.enteratever.com\/2023\/wp-json\/wp\/v2\/media\/202772"}],"wp:attachment":[{"href":"https:\/\/www.enteratever.com\/2023\/wp-json\/wp\/v2\/media?parent=202768"}],"wp:term":[{"taxonomy":"category","embeddable":true,"href":"https:\/\/www.enteratever.com\/2023\/wp-json\/wp\/v2\/categories?post=202768"},{"taxonomy":"post_tag","embeddable":true,"href":"https:\/\/www.enteratever.com\/2023\/wp-json\/wp\/v2\/tags?post=202768"}],"curies":[{"name":"wp","href":"https:\/\/api.w.org\/{rel}","templated":true}]}}