{"id":202729,"date":"2023-12-26T14:12:44","date_gmt":"2023-12-26T20:12:44","guid":{"rendered":"https:\/\/www.enteratever.com\/2023\/?p=202729"},"modified":"2023-12-26T14:12:46","modified_gmt":"2023-12-26T20:12:46","slug":"necesario-reconocer-el-derecho-a-la-identidad-de-menores-de-edad-migrantes","status":"publish","type":"post","link":"https:\/\/www.enteratever.com\/2023\/2023\/12\/26\/necesario-reconocer-el-derecho-a-la-identidad-de-menores-de-edad-migrantes\/","title":{"rendered":"Necesario, reconocer el derecho a la identidad de menores de edad migrantes"},"content":{"rendered":"<p>Visitas: 0<\/p>\n<p>Con el objetivo de garantizar el derecho a la identidad y reconocimiento de nacionalidad de menores de edad migrantes y solicitantes de asilo en territorio nacional, la diputada Sof\u00eda Carvajal Isunza (PRI) pidi\u00f3 reformar los art\u00edculos 19 y 20 de la Ley General de los Derechos de Ni\u00f1as, Ni\u00f1os y Adolescentes.<\/p>\n\n\n\n<p>Plantea establecer que los registros civiles de las entidades federativas deber\u00e1n obligatoriamente instalar mensualmente m\u00f3dulos de registro civil en albergues, estaciones migratorias, centros de detenci\u00f3n y refugios de personas migrantes y solicitantes de asilo, a efectos de facilitar la inscripci\u00f3n de ni\u00f1as, ni\u00f1os y adolescentes en el Registro Civil respectivo de forma inmediata y gratuita.<\/p>\n\n\n\n<p>Indica que tanto en los centros como en los m\u00f3dulos no se podr\u00e1n detener, retener o realizar cualquier acto administrativo migratorio en perjuicio de los padres o madres de las ni\u00f1as, ni\u00f1os y adolescentes que ser\u00e1n inscritos en el registro civil.<\/p>\n\n\n\n<p>Asimismo, en los casos en que ni\u00f1as, ni\u00f1os o adolescentes cumplan con los requisitos para obtener la nacionalidad mexicana, se le brindar\u00e1n todas las facilidades para darles un trato prioritario.<\/p>\n\n\n\n<p>A\u00f1ade que las autoridades competentes deber\u00e1n establecer criterios diferenciados y simplificados en la tramitaci\u00f3n de nacionalidad de ni\u00f1as, ni\u00f1os y adolescentes que cumplan con los requisitos para obtener la nacionalidad mexicana. No podr\u00e1 exig\u00edrseles documentos de dif\u00edcil acceso de su pa\u00eds de origen; en caso de duda, se estar\u00e1 a favor del inter\u00e9s superior del menor.<\/p>\n\n\n\n<p>La iniciativa, turnada a la Comisi\u00f3n de Derechos de la Ni\u00f1ez y Adolescencia para dictamen, se\u00f1ala que es necesario establecer procedimientos de registro que entiendan la realidad de la migraci\u00f3n y se puedan adaptar en favor del bien superior del menor.<\/p>\n\n\n\n<p>En su exposici\u00f3n de motivos, indica que la migraci\u00f3n es una realidad diversa y cambiante en la vida de millones de personas alrededor del mundo. En el caso de la infancia converge una multiplicidad de factores tales como la vulnerabilidad, desprotecci\u00f3n, ausencia de acompa\u00f1antes e incluso la carencia de identidad y nacionalidad.<\/p>\n\n\n\n<p>Se\u00f1ala que se tiene un amplio conocimiento y la obligaci\u00f3n legal para incorporar al registro y proveer de documento de identidad a todo individuo nacido en M\u00e9xico. Sin embargo, a\u00fan hace falta que este derecho sea una realidad para la infancia en situaci\u00f3n de migraci\u00f3n. El tr\u00e1mite debe ser accesible y evitar que la discriminaci\u00f3n y la xenofobia mantengan a las infancias sin una identidad y nacionalidad reconocidas.<\/p>\n\n\n\n<p>Los ni\u00f1os y ni\u00f1as que no cuentan con un registro de identidad carecen tambi\u00e9n de acceso a derechos b\u00e1sicos, entre los cuales se puede destacar el derecho a la salud y la educaci\u00f3n, hecho que deriva en limitaciones que abonan a ampliar la brecha de desigualdad respecto a otros ni\u00f1os que si cuentan con registro.<\/p>\n","protected":false},"excerpt":{"rendered":"<p>Visitas: 0 Con el objetivo de garantizar el derecho a la identidad y reconocimiento de nacionalidad de menores de edad migrantes y solicitantes de asilo en territorio nacional, la diputada Sof\u00eda Carvajal Isunza (PRI) pidi\u00f3 reformar los art\u00edculos 19 y 20 de la Ley General de los Derechos de Ni\u00f1as, Ni\u00f1os y Adolescentes. Plantea establecer [&hellip;]<\/p>\n","protected":false},"author":2,"featured_media":202730,"comment_status":"open","ping_status":"open","sticky":false,"template":"","format":"standard","meta":{"footnotes":""},"categories":[252],"tags":[],"class_list":{"0":"post-202729","1":"post","2":"type-post","3":"status-publish","4":"format-standard","5":"has-post-thumbnail","7":"category-nacionales"},"nelio_content":{"isAutoShareEnabled":true,"autoShareEndMode":"never","automationSources":{"useCustomSentences":false,"customSentences":[]},"followers":[],"suggestedReferences":[],"efiUrl":"","efiAlt":"","highlights":[],"permalinkQueryArgs":[],"series":[]},"_links":{"self":[{"href":"https:\/\/www.enteratever.com\/2023\/wp-json\/wp\/v2\/posts\/202729","targetHints":{"allow":["GET"]}}],"collection":[{"href":"https:\/\/www.enteratever.com\/2023\/wp-json\/wp\/v2\/posts"}],"about":[{"href":"https:\/\/www.enteratever.com\/2023\/wp-json\/wp\/v2\/types\/post"}],"author":[{"embeddable":true,"href":"https:\/\/www.enteratever.com\/2023\/wp-json\/wp\/v2\/users\/2"}],"replies":[{"embeddable":true,"href":"https:\/\/www.enteratever.com\/2023\/wp-json\/wp\/v2\/comments?post=202729"}],"version-history":[{"count":1,"href":"https:\/\/www.enteratever.com\/2023\/wp-json\/wp\/v2\/posts\/202729\/revisions"}],"predecessor-version":[{"id":202731,"href":"https:\/\/www.enteratever.com\/2023\/wp-json\/wp\/v2\/posts\/202729\/revisions\/202731"}],"wp:featuredmedia":[{"embeddable":true,"href":"https:\/\/www.enteratever.com\/2023\/wp-json\/wp\/v2\/media\/202730"}],"wp:attachment":[{"href":"https:\/\/www.enteratever.com\/2023\/wp-json\/wp\/v2\/media?parent=202729"}],"wp:term":[{"taxonomy":"category","embeddable":true,"href":"https:\/\/www.enteratever.com\/2023\/wp-json\/wp\/v2\/categories?post=202729"},{"taxonomy":"post_tag","embeddable":true,"href":"https:\/\/www.enteratever.com\/2023\/wp-json\/wp\/v2\/tags?post=202729"}],"curies":[{"name":"wp","href":"https:\/\/api.w.org\/{rel}","templated":true}]}}