{"id":202561,"date":"2023-12-19T10:09:40","date_gmt":"2023-12-19T16:09:40","guid":{"rendered":"https:\/\/www.enteratever.com\/2023\/?p=202561"},"modified":"2023-12-19T10:09:43","modified_gmt":"2023-12-19T16:09:43","slug":"jovenes-estamos-pagando-con-la-vida-su-politica-de-abrazos-no-balazos-protestan-en-palacio-nacional","status":"publish","type":"post","link":"https:\/\/www.enteratever.com\/2023\/2023\/12\/19\/jovenes-estamos-pagando-con-la-vida-su-politica-de-abrazos-no-balazos-protestan-en-palacio-nacional\/","title":{"rendered":"\u00abJ\u00f3venes estamos pagando con la vida su pol\u00edtica de abrazos, no balazos\u00bb: protestan en Palacio Nacional"},"content":{"rendered":"<p>Visitas: 4<\/p>\n<p>La ma\u00f1ana de este martes 19 de diciembre, un grupo de j\u00f3venes se encuentra a las afueras de Palacio Nacional, donde pretenden protestar por la masacre de Salvatierra, Guanajuato, que dej\u00f3 once muertos.<\/p>\n\n\n\n<p>Edson Andrade, uno de los j\u00f3venes que protesta, manifest\u00f3: \u201cPresidente Andr\u00e9s Manuel L\u00f3pez Obrador vinimos a exigir detenga su negligente y criminal pol\u00edtica de abrazos, no balazos; los j\u00f3venes estamos pag\u00e1ndola con la vida. Ojal\u00e1 los j\u00f3venes asesinados de Salvatierra, de Lagos de Moreno, de Celaya, tuvieran los muros y polic\u00edas que a usted lo protegen\u201d.<\/p>\n\n\n\n<p>Y reprob\u00f3 que el presidente siga afirmando que el consumo de drogas es responsable de las masacres, pero subray\u00f3 que ni los j\u00f3venes de Salvatierra ni los de Celaya consumieron drogas.<\/p>\n\n\n\n<p>\u201cEs falso, adem\u00e1s, que en Guanajuato haya m\u00e1s consumo de drogas que en el resto del pa\u00eds\u201d, asever\u00f3.<\/p>\n\n\n\n<p>XEU<\/p>\n\n\n\n<p><\/p>\n","protected":false},"excerpt":{"rendered":"<p>Visitas: 4 La ma\u00f1ana de este martes 19 de diciembre, un grupo de j\u00f3venes se encuentra a las afueras de Palacio Nacional, donde pretenden protestar por la masacre de Salvatierra, Guanajuato, que dej\u00f3 once muertos. Edson Andrade, uno de los j\u00f3venes que protesta, manifest\u00f3: \u201cPresidente Andr\u00e9s Manuel L\u00f3pez Obrador vinimos a exigir detenga su negligente [&hellip;]<\/p>\n","protected":false},"author":2,"featured_media":202562,"comment_status":"open","ping_status":"open","sticky":false,"template":"","format":"standard","meta":{"footnotes":""},"categories":[252],"tags":[],"class_list":{"0":"post-202561","1":"post","2":"type-post","3":"status-publish","4":"format-standard","5":"has-post-thumbnail","7":"category-nacionales"},"nelio_content":{"isAutoShareEnabled":true,"autoShareEndMode":"never","automationSources":{"useCustomSentences":false,"customSentences":[]},"followers":[],"suggestedReferences":[],"efiUrl":"","efiAlt":"","highlights":[],"permalinkQueryArgs":[],"series":[]},"_links":{"self":[{"href":"https:\/\/www.enteratever.com\/2023\/wp-json\/wp\/v2\/posts\/202561","targetHints":{"allow":["GET"]}}],"collection":[{"href":"https:\/\/www.enteratever.com\/2023\/wp-json\/wp\/v2\/posts"}],"about":[{"href":"https:\/\/www.enteratever.com\/2023\/wp-json\/wp\/v2\/types\/post"}],"author":[{"embeddable":true,"href":"https:\/\/www.enteratever.com\/2023\/wp-json\/wp\/v2\/users\/2"}],"replies":[{"embeddable":true,"href":"https:\/\/www.enteratever.com\/2023\/wp-json\/wp\/v2\/comments?post=202561"}],"version-history":[{"count":1,"href":"https:\/\/www.enteratever.com\/2023\/wp-json\/wp\/v2\/posts\/202561\/revisions"}],"predecessor-version":[{"id":202563,"href":"https:\/\/www.enteratever.com\/2023\/wp-json\/wp\/v2\/posts\/202561\/revisions\/202563"}],"wp:featuredmedia":[{"embeddable":true,"href":"https:\/\/www.enteratever.com\/2023\/wp-json\/wp\/v2\/media\/202562"}],"wp:attachment":[{"href":"https:\/\/www.enteratever.com\/2023\/wp-json\/wp\/v2\/media?parent=202561"}],"wp:term":[{"taxonomy":"category","embeddable":true,"href":"https:\/\/www.enteratever.com\/2023\/wp-json\/wp\/v2\/categories?post=202561"},{"taxonomy":"post_tag","embeddable":true,"href":"https:\/\/www.enteratever.com\/2023\/wp-json\/wp\/v2\/tags?post=202561"}],"curies":[{"name":"wp","href":"https:\/\/api.w.org\/{rel}","templated":true}]}}