{"id":202369,"date":"2023-12-14T10:45:17","date_gmt":"2023-12-14T16:45:17","guid":{"rendered":"https:\/\/www.enteratever.com\/2023\/?p=202369"},"modified":"2023-12-14T10:45:20","modified_gmt":"2023-12-14T16:45:20","slug":"llega-la-navidad-a-minatitlan-enciende-carmen-medel-pino-navideno","status":"publish","type":"post","link":"https:\/\/www.enteratever.com\/2023\/2023\/12\/14\/llega-la-navidad-a-minatitlan-enciende-carmen-medel-pino-navideno\/","title":{"rendered":"Llega la Navidad a Minatitl\u00e1n, enciende Carmen Medel pino navide\u00f1o"},"content":{"rendered":"<p>Visitas: 13<\/p>\n<p>Minatitl\u00e1n, Ver. &#8211; En un ambiente de alegr\u00eda, convivencia familiar y mucha emoci\u00f3n, la presidenta municipal, realiz\u00f3 el encendido del \u00e1rbol de navidad, instalado en la plazoleta L\u00e1zaro C\u00e1rdenas de esta ciudad.<\/p>\n\n\n\n<p>Familias enteras disfrutaron de la nieve artificial que cay\u00f3 en este lugar la noche del martes 12 de diciembre.<\/p>\n\n\n\n<p>Al expresar un emotivo mensaje, la doctora Medel Palma invit\u00f3 a los ciudadanos a disfrutar las fiestas decembrinas en paz y armon\u00eda, enviando sus mejores deseos en este fin de a\u00f1o.<\/p>\n\n\n\n<p>\u00abAl encender este \u00e1rbol, estamos iluminando nuestros corazones con la luz del amor y la paz. Que cada una de estas luces represente un deseo de armon\u00eda, prosperidad y felicidad para cada hogar en nuestro querido minatitl\u00e1n\u00bb, expreso durante su recorrido por las diferentes \u00e1reas que est\u00e1n adornadas con series de luces.<\/p>\n\n\n\n<p>Los asistentes agradecieron a la alcaldesa, por instalar un espacio digno, que por vez primera se observa en el municipio que florece, quienes adem\u00e1s se tomaron fotos con Santa Claus, los duendes, renos, Grinch entre otros personajes.<\/p>\n\n\n\n<p>Durante el evento, la mun\u00edcipe estuvo acompa\u00f1ada por la presidenta del Sistema DIF Municipal, doctora Vianey Cruz Medel; regidores, directores y jefes de \u00e1rea del Ayuntamiento.<\/p>\n","protected":false},"excerpt":{"rendered":"<p>Visitas: 13 Minatitl\u00e1n, Ver. &#8211; En un ambiente de alegr\u00eda, convivencia familiar y mucha emoci\u00f3n, la presidenta municipal, realiz\u00f3 el encendido del \u00e1rbol de navidad, instalado en la plazoleta L\u00e1zaro C\u00e1rdenas de esta ciudad. Familias enteras disfrutaron de la nieve artificial que cay\u00f3 en este lugar la noche del martes 12 de diciembre. Al expresar [&hellip;]<\/p>\n","protected":false},"author":2,"featured_media":202372,"comment_status":"open","ping_status":"open","sticky":false,"template":"","format":"standard","meta":{"footnotes":""},"categories":[243,241],"tags":[],"class_list":{"0":"post-202369","1":"post","2":"type-post","3":"status-publish","4":"format-standard","5":"has-post-thumbnail","7":"category-minatitlan","8":"category-zona-sur"},"nelio_content":{"isAutoShareEnabled":true,"autoShareEndMode":"never","automationSources":{"useCustomSentences":false,"customSentences":[]},"followers":[],"suggestedReferences":[],"efiUrl":"","efiAlt":"","highlights":[],"permalinkQueryArgs":[],"series":[]},"_links":{"self":[{"href":"https:\/\/www.enteratever.com\/2023\/wp-json\/wp\/v2\/posts\/202369","targetHints":{"allow":["GET"]}}],"collection":[{"href":"https:\/\/www.enteratever.com\/2023\/wp-json\/wp\/v2\/posts"}],"about":[{"href":"https:\/\/www.enteratever.com\/2023\/wp-json\/wp\/v2\/types\/post"}],"author":[{"embeddable":true,"href":"https:\/\/www.enteratever.com\/2023\/wp-json\/wp\/v2\/users\/2"}],"replies":[{"embeddable":true,"href":"https:\/\/www.enteratever.com\/2023\/wp-json\/wp\/v2\/comments?post=202369"}],"version-history":[{"count":1,"href":"https:\/\/www.enteratever.com\/2023\/wp-json\/wp\/v2\/posts\/202369\/revisions"}],"predecessor-version":[{"id":202373,"href":"https:\/\/www.enteratever.com\/2023\/wp-json\/wp\/v2\/posts\/202369\/revisions\/202373"}],"wp:featuredmedia":[{"embeddable":true,"href":"https:\/\/www.enteratever.com\/2023\/wp-json\/wp\/v2\/media\/202372"}],"wp:attachment":[{"href":"https:\/\/www.enteratever.com\/2023\/wp-json\/wp\/v2\/media?parent=202369"}],"wp:term":[{"taxonomy":"category","embeddable":true,"href":"https:\/\/www.enteratever.com\/2023\/wp-json\/wp\/v2\/categories?post=202369"},{"taxonomy":"post_tag","embeddable":true,"href":"https:\/\/www.enteratever.com\/2023\/wp-json\/wp\/v2\/tags?post=202369"}],"curies":[{"name":"wp","href":"https:\/\/api.w.org\/{rel}","templated":true}]}}